{"id":43706,"date":"2014-06-26T09:42:11","date_gmt":"2014-06-26T12:42:11","guid":{"rendered":"http:\/\/www.elsindical.com.ar\/notas\/?p=43706"},"modified":"2014-06-26T09:42:11","modified_gmt":"2014-06-26T12:42:11","slug":"lanusse-dejo-el-frente-renovador","status":"publish","type":"post","link":"https:\/\/www.elsindical.com.ar\/notas\/lanusse-dejo-el-frente-renovador\/","title":{"rendered":"Lanusse dej\u00f3 el Frente Renovador"},"content":{"rendered":"<p><em><a href=\"http:\/\/www.elsindical.com.ar\/notas\/var\/www\/html\/notas\/wp-content\/uploads\/2014\/06\/Lanusse-Massa-y-P\u00e9rez.jpg\"><img loading=\"lazy\" decoding=\"async\" class=\"alignnone size-medium wp-image-43707\" src=\"http:\/\/www.elsindical.com.ar\/notas\/var\/www\/html\/notas\/wp-content\/uploads\/2014\/06\/Lanusse-Massa-y-P\u00e9rez-300x199.jpg\" alt=\"Lanusse,-Massa-y-P\u00e9rez\" width=\"300\" height=\"199\" srcset=\"https:\/\/www.elsindical.com.ar\/notas\/var\/www\/html\/notas\/wp-content\/uploads\/2014\/06\/Lanusse-Massa-y-P\u00e9rez-300x199.jpg 300w, https:\/\/www.elsindical.com.ar\/notas\/var\/www\/html\/notas\/wp-content\/uploads\/2014\/06\/Lanusse-Massa-y-P\u00e9rez.jpg 443w\" sizes=\"auto, (max-width: 300px) 100vw, 300px\" \/><\/a>El 20 de abril se sumaron dos dirigentes al Frente Renovador, el intendente de Arrecifes, Daniel Bolinaga y el ex Fiscal Pablo Lanusse. Ahora, este \u00faltimo, peg\u00f3 el portazo.<\/em><\/p>\n<p>Dos meses, fue el tiempo que el ex Fiscal Pablo Lanusse incursion\u00f3 en el espacio del diputado nacional Sergio Massa. El dirigente que coordinaba, junto con el legislador nacional Adri\u00e1n P\u00e9rez, los proyectos destinados a mejorar el desarrollo institucional y transparencia del Estado; tom\u00f3 la determinaci\u00f3n de pegar el portazo.<\/p>\n<p>Sin dar explicaciones p\u00fablicamente, Lanusse prefiri\u00f3 dar un paso al costado y, seg\u00fan trascendi\u00f3, el motivo de su salida se debi\u00f3 a que no se sent\u00eda c\u00f3modo. Cuando el hombre que fue fiscal federal entre 1993 y 2003, lleg\u00f3 al massismo lo hizo el mismo d\u00eda que el intendente de Arrecifes, Daniel Bolinaga.<\/p>\n<p>Cabe recordar que Lanusse durante la presidencia de N\u00e9stor Kirchner fue nombrado Secretario de Justicia de la Naci\u00f3n y posteriormente interventor federal en Santiago del Estero. En tanto, ya fuera del FpV, en 2011 fue candidato por la Ciudad de Buenos Aires por la UDeSo, junto a la periodista Fanny Mandelbaum, donde tambi\u00e9n ambos se bajaron de la lista luego de un acuerdo pol\u00edtico.<\/p>\n","protected":false},"excerpt":{"rendered":"<p>El 20 de abril se sumaron dos dirigentes al Frente Renovador, el intendente de Arrecifes, Daniel Bolinaga y el ex Fiscal Pablo Lanusse. Ahora, este \u00faltimo, peg\u00f3 el portazo. Dos meses, fue el tiempo que el ex Fiscal Pablo Lanusse incursion\u00f3 en el espacio del diputado nacional Sergio Massa. El dirigente que coordinaba, junto con&hellip;<\/p>\n","protected":false},"author":1,"featured_media":0,"comment_status":"open","ping_status":"open","sticky":false,"template":"","format":"standard","meta":{"footnotes":""},"categories":[13],"tags":[7784,19102,849,19101,16445,8464,1478,3918],"class_list":["post-43706","post","type-post","status-publish","format-standard","hentry","category-politica","tag-adrian-perez","tag-daniel-bolinaga","tag-estado","tag-fanny-mandelbaum","tag-frente-renovador","tag-pablo-lanusse","tag-santiago-del-estero","tag-sergio-massa"],"_links":{"self":[{"href":"https:\/\/www.elsindical.com.ar\/notas\/wp-json\/wp\/v2\/posts\/43706","targetHints":{"allow":["GET"]}}],"collection":[{"href":"https:\/\/www.elsindical.com.ar\/notas\/wp-json\/wp\/v2\/posts"}],"about":[{"href":"https:\/\/www.elsindical.com.ar\/notas\/wp-json\/wp\/v2\/types\/post"}],"author":[{"embeddable":true,"href":"https:\/\/www.elsindical.com.ar\/notas\/wp-json\/wp\/v2\/users\/1"}],"replies":[{"embeddable":true,"href":"https:\/\/www.elsindical.com.ar\/notas\/wp-json\/wp\/v2\/comments?post=43706"}],"version-history":[{"count":1,"href":"https:\/\/www.elsindical.com.ar\/notas\/wp-json\/wp\/v2\/posts\/43706\/revisions"}],"predecessor-version":[{"id":43708,"href":"https:\/\/www.elsindical.com.ar\/notas\/wp-json\/wp\/v2\/posts\/43706\/revisions\/43708"}],"wp:attachment":[{"href":"https:\/\/www.elsindical.com.ar\/notas\/wp-json\/wp\/v2\/media?parent=43706"}],"wp:term":[{"taxonomy":"category","embeddable":true,"href":"https:\/\/www.elsindical.com.ar\/notas\/wp-json\/wp\/v2\/categories?post=43706"},{"taxonomy":"post_tag","embeddable":true,"href":"https:\/\/www.elsindical.com.ar\/notas\/wp-json\/wp\/v2\/tags?post=43706"}],"curies":[{"name":"wp","href":"https:\/\/api.w.org\/{rel}","templated":true}]}}