{"id":43700,"date":"2014-06-26T07:55:39","date_gmt":"2014-06-26T10:55:39","guid":{"rendered":"http:\/\/www.elsindical.com.ar\/notas\/?p=43700"},"modified":"2014-06-26T07:55:39","modified_gmt":"2014-06-26T10:55:39","slug":"el-vaticano-denuncio-trafico-de-organos-de-ninos-indocumentados","status":"publish","type":"post","link":"https:\/\/www.elsindical.com.ar\/notas\/el-vaticano-denuncio-trafico-de-organos-de-ninos-indocumentados\/","title":{"rendered":"El Vaticano denunci\u00f3 tr\u00e1fico de \u00f3rganos de ni\u00f1os indocumentados"},"content":{"rendered":"<p><em><a href=\"http:\/\/www.elsindical.com.ar\/notas\/var\/www\/html\/notas\/wp-content\/uploads\/2014\/06\/tr\u00e1fico-de-ni\u00f1os.jpg\"><img loading=\"lazy\" decoding=\"async\" class=\"alignnone size-medium wp-image-43701\" src=\"http:\/\/www.elsindical.com.ar\/notas\/var\/www\/html\/notas\/wp-content\/uploads\/2014\/06\/tr\u00e1fico-de-ni\u00f1os-300x233.jpg\" alt=\"tr\u00e1fico-de-ni\u00f1os\" width=\"300\" height=\"233\" srcset=\"https:\/\/www.elsindical.com.ar\/notas\/var\/www\/html\/notas\/wp-content\/uploads\/2014\/06\/tr\u00e1fico-de-ni\u00f1os-300x233.jpg 300w, https:\/\/www.elsindical.com.ar\/notas\/var\/www\/html\/notas\/wp-content\/uploads\/2014\/06\/tr\u00e1fico-de-ni\u00f1os-385x300.jpg 385w, https:\/\/www.elsindical.com.ar\/notas\/var\/www\/html\/notas\/wp-content\/uploads\/2014\/06\/tr\u00e1fico-de-ni\u00f1os.jpg 502w\" sizes=\"auto, (max-width: 300px) 100vw, 300px\" \/><\/a>En una editorial, dio cuenta del \u201cconstante aumento\u201d de esta problem\u00e1tica entre M\u00e9xico y Estados Unidos.<\/em><\/p>\n<p>El Vaticano denunci\u00f3 este martes el \u00ab<b>constante aumento<\/b>\u00bb del tr\u00e1fico de \u00f3rganos de ni\u00f1os emigrantes o indocumentados entre M\u00e9xico y Estados Unidos as\u00ed como en pleno Mediterr\u00e1neo.<\/p>\n<p>En un editorial, el diario del Vaticano, LOsservatore Romano, reconoci\u00f3 que en muchos pa\u00edses desarrollados \u00abun elevado n\u00famero de personas salvan sus vidas\u00bb gracias al tr\u00e1fico de \u00f3rganos, <b>tejidos o sus componentes, de menores indocumentados<\/b>.<\/p>\n<p>Seg\u00fan la autora del art\u00edculo, Lucetta Scaraffia, adem\u00e1s de la trata de personas con el objetivo de extraer \u00f3rganos o tejidos de las v\u00edctimas para que \u00e9stos puedan ser vendidos a otra persona cuya supervivencia depende de ello, <b>mujeres arriendan el \u00fatero a parejas con problemas de esterilidad<\/b>.<\/p>\n<p>\u00abEn parte por el envejecimiento de la poblaci\u00f3n o porque la soluci\u00f3n m\u00e9dica es autorizada, <b>el pedido de \u00f3rganos est\u00e1 aumentando considerablemente<\/b> en los pa\u00edses occidentales, mientras que el n\u00famero de donantes ha bajado\u00bb, escribi\u00f3.<\/p>\n<p>En junio, la organizaci\u00f3n humanitaria Save The Children asegur\u00f3 que u<b>n tercio de los menores que llegan ilegalmente a Italia<\/b> por el Mediterr\u00e1neo desaparecen sin que se conozca su paradero.<\/p>\n<p>Se trata de un crimen organizado relativamente nuevo debido al mejoramiento de las t\u00e9cnicas de trasplante en los <b>\u00faltimos 30 a\u00f1os<\/b>, lo que ha creado una situaci\u00f3n en la que la demanda supera por mucho la oferta.<\/p>\n<p>Las \u00fanicas instituciones autorizadas a recibir y distribuir \u00f3rganos y tejidos humanos <b>son los bancos de \u00f3rganos<\/b> que dependen en su totalidad de donaciones, debido a las leyes que regulan la situaci\u00f3n en la mayor\u00eda de los pa\u00edses.<\/p>\n<p>Los \u00f3rganos y tejidos humanos s\u00f3lo se pueden donar y la compraventa est\u00e1 prohibida. Sin embargo el t\u00e9rmino \u00abdonaci\u00f3n\u00bb comprende la <b>extracci\u00f3n voluntaria de un \u00f3rgano<\/b> de personas vivas, como un ri\u00f1\u00f3n, as\u00ed como la extracci\u00f3n de \u00f3rganos de un fallecido tras la autorizaci\u00f3n de los deudos.<\/p>\n<p>Se teme que <b>numerosos menores de edad queden en manos de bandas de traficantes de \u00f3rganos<\/b>. El papa Francisco denunci\u00f3 recientemente ese tr\u00e1fico y lanz\u00f3 un llamado para que la sociedad se movilice contra un fen\u00f3meno tan cruel.<\/p>\n","protected":false},"excerpt":{"rendered":"<p>En una editorial, dio cuenta del \u201cconstante aumento\u201d de esta problem\u00e1tica entre M\u00e9xico y Estados Unidos. El Vaticano denunci\u00f3 este martes el \u00abconstante aumento\u00bb del tr\u00e1fico de \u00f3rganos de ni\u00f1os emigrantes o indocumentados entre M\u00e9xico y Estados Unidos as\u00ed como en pleno Mediterr\u00e1neo. En un editorial, el diario del Vaticano, LOsservatore Romano, reconoci\u00f3 que en&hellip;<\/p>\n","protected":false},"author":1,"featured_media":0,"comment_status":"open","ping_status":"open","sticky":false,"template":"","format":"standard","meta":{"footnotes":""},"categories":[6],"tags":[141,31,1788,19099,11429],"class_list":["post-43700","post","type-post","status-publish","format-standard","hentry","category-denuncias","tag-eeuu","tag-mexico","tag-ninos","tag-save-the-children","tag-trafico"],"_links":{"self":[{"href":"https:\/\/www.elsindical.com.ar\/notas\/wp-json\/wp\/v2\/posts\/43700","targetHints":{"allow":["GET"]}}],"collection":[{"href":"https:\/\/www.elsindical.com.ar\/notas\/wp-json\/wp\/v2\/posts"}],"about":[{"href":"https:\/\/www.elsindical.com.ar\/notas\/wp-json\/wp\/v2\/types\/post"}],"author":[{"embeddable":true,"href":"https:\/\/www.elsindical.com.ar\/notas\/wp-json\/wp\/v2\/users\/1"}],"replies":[{"embeddable":true,"href":"https:\/\/www.elsindical.com.ar\/notas\/wp-json\/wp\/v2\/comments?post=43700"}],"version-history":[{"count":1,"href":"https:\/\/www.elsindical.com.ar\/notas\/wp-json\/wp\/v2\/posts\/43700\/revisions"}],"predecessor-version":[{"id":43702,"href":"https:\/\/www.elsindical.com.ar\/notas\/wp-json\/wp\/v2\/posts\/43700\/revisions\/43702"}],"wp:attachment":[{"href":"https:\/\/www.elsindical.com.ar\/notas\/wp-json\/wp\/v2\/media?parent=43700"}],"wp:term":[{"taxonomy":"category","embeddable":true,"href":"https:\/\/www.elsindical.com.ar\/notas\/wp-json\/wp\/v2\/categories?post=43700"},{"taxonomy":"post_tag","embeddable":true,"href":"https:\/\/www.elsindical.com.ar\/notas\/wp-json\/wp\/v2\/tags?post=43700"}],"curies":[{"name":"wp","href":"https:\/\/api.w.org\/{rel}","templated":true}]}}