{"id":4369,"date":"2010-03-09T19:52:11","date_gmt":"2010-03-09T22:52:11","guid":{"rendered":"http:\/\/www.elsindical.com.ar\/notas\/?p=4369"},"modified":"2010-03-09T19:52:11","modified_gmt":"2010-03-09T22:52:11","slug":"rio-cuarto-la-justicia-otorgo-la-guarda-definitiva-de-dos-ninos-a-travesti-cordobes","status":"publish","type":"post","link":"https:\/\/www.elsindical.com.ar\/notas\/rio-cuarto-la-justicia-otorgo-la-guarda-definitiva-de-dos-ninos-a-travesti-cordobes\/","title":{"rendered":"R\u00edo Cuarto: La Justicia otorg\u00f3 la guarda definitiva de dos ni\u00f1os a travesti cordob\u00e9s"},"content":{"rendered":"<p style=\"text-align: justify;\"><em><a href=\"http:\/\/www.elsindical.com.ar\/notas\/var\/www\/html\/notas\/wp-content\/uploads\/2010\/03\/Mar\u00eda-Bel\u00e9n-Ochoa.jpg\"><img loading=\"lazy\" decoding=\"async\" class=\"alignleft size-full wp-image-4370\" title=\"Mar\u00eda-Bel\u00e9n-Ochoa\" src=\"http:\/\/www.elsindical.com.ar\/notas\/var\/www\/html\/notas\/wp-content\/uploads\/2010\/03\/Mar\u00eda-Bel\u00e9n-Ochoa.jpg\" alt=\"\" width=\"198\" height=\"159\" \/><\/a>Un juez de R\u00edo Cuarto, en un fallo in\u00e9dito en el pa\u00eds, otorg\u00f3 la guarda definitiva de dos ni\u00f1os a un travesti que los cuid\u00f3 durante m\u00e1s de cuatro a\u00f1os en la localidad cordobesa de Holmberg, al considerar que la Justicia debe actuar \u00absin prejuicios\u00bb.<\/em><\/p>\n<p style=\"text-align: justify;\">La decisi\u00f3n la tom\u00f3 el juez de menores Jos\u00e9 Varela Geuna en beneficio de Mar\u00eda Bel\u00e9n Ochoa, que ahora buscar\u00e1 obtener formalmente la adopci\u00f3n de una nena de cuatro a\u00f1os y de su hermano de siete con el apoyo de sus vecinos.<\/p>\n<p>Mar\u00eda Bel\u00e9n recibi\u00f3 hace cuatro a\u00f1os la tenencia provisoria de los ni\u00f1os, despu\u00e9s de que se comprobara que los menores eran v\u00edctimas de maltratos y falta de cuidados de m\u00e9dicos, debido a que \u00abla madre los abandonaba y el padre tiene adicciones\u00bb, seg\u00fan record\u00f3 el juez de R\u00edo Cuarto.<\/p>\n<p>\u00abPara m\u00ed es un paso enorme. No me esperaba todo esto que me ha pasado. No voy a bajar los brazos\u00bb, se\u00f1al\u00f3 Mar\u00eda Bel\u00e9n en el portal de noticias Telediariodigital en referencia al fallo de Varela Geuna.<\/p>\n<p>\u00abNunca tuve problemas por mi condici\u00f3n sexual. Voy al colegio de los chicos, participo en las reuniones, todo es normal. Si vos ten\u00e9s respeto hacia los dem\u00e1s, ellos tendr\u00e1n respeto hacia vos\u00bb,<br \/>\nagreg\u00f3 el travesti.<\/p>\n<p>Mar\u00eda Bel\u00e9n se\u00f1al\u00f3 que los nenes viv\u00edan cerca de su casa y ella sol\u00eda encargarse de ellos incluso antes de que la Justicia le otorgara la guarda provisoria.<\/p>\n<p>\u00abMe los tra\u00edan para que yo los cuidara y yo los ten\u00eda un d\u00eda, dos, tres y se quedaron. Una vez la nena lleg\u00f3 enferma, la llev\u00e9 al dispensario y la doctora dijo que hab\u00eda que actuar y me los dieron\u00bb, record\u00f3.<\/p>\n<p>La pediatra que atendi\u00f3 a los chicos, Matilde Glineur Berne, fue quien pidi\u00f3 la intervenci\u00f3n judicial y solicit\u00f3 que Mar\u00eda Bel\u00e9n asumiera la tenencia.<\/p>\n<p>\u00abNosotros entendimos desde un primer momento que la soluci\u00f3n era Mar\u00eda Bel\u00e9n\u00bb, dijo la m\u00e9dica a Telediariodigital.com.ar.<\/p>\n<p>\u00abLa decisi\u00f3n del juez significa que se entendi\u00f3 que hab\u00eda un acto de amor y que lo importante son los chicos no los adultos. Los ni\u00f1os han encontrado una verdadera familia\u00bb, expres\u00f3 Glineur Berne.<\/p>\n<p>El juez Varela Geuna, por su parte, remarc\u00f3 que la Justicia no puede actuar con prejuicios y defendi\u00f3 su decisi\u00f3n.<\/p>\n<p>\u00abSe convalid\u00f3 un v\u00ednculo que ya exist\u00eda al momento en que se tom\u00f3 intervenci\u00f3n\u00bb, se\u00f1al\u00f3 el magistrado, que confirm\u00f3 que el travesti ya puede iniciar los tr\u00e1mites para obtener la adopci\u00f3n formal de los menores.<\/p>\n<p>En declaraciones publicadas en los portales de internet de La Voz del Interior y Cadena 3 de C\u00f3rdoba, el juez procur\u00f3 desactivar cualquier pol\u00e9mica que pudiera generar su fallo, al se\u00f1alar que \u00ablos pap\u00e1s (de los nenes) no estaban juntos. La mam\u00e1 los abandonaba y el pap\u00e1 tiene adicciones\u00bb.<\/p>\n<p>\u00abSe dieron situaciones muy particulares. Esto hizo que los ni\u00f1os quedaran al resguardo de Bel\u00e9n\u00bb, dijo.<\/p>\n<p>Varela Geuna sostuvo que el travesti es muy allegada a la familia de los ni\u00f1os y agreg\u00f3 que se han realizado seguimientos y controles en los patrones de conducta de Mar\u00eda Bel\u00e9n, que desarrolla un rol activo en la sociedad de Holmberg.<\/p>\n<p>\u00abLos padres son vecinos de Bel\u00e9n. Actuamos de esta manera debido al v\u00ednculo que hay\u00bb, insisti\u00f3, y a\u00f1adi\u00f3: \u00abSiempre tenemos prejuicios con este tipo de personas. Creemos que est\u00e1n vinculadas a cuestiones nocivas y peligrosas.\u00bb<\/p>\n<p>\u00abPero todos nos sorprendimos de la inserci\u00f3n social de esta persona en el pueblo. Los chicos hoy son responsabilidad de Bel\u00e9n. Yo ser\u00eda partidario de la adopci\u00f3n. Se podr\u00eda dar una situaci\u00f3n que permitir\u00eda la adopci\u00f3n simple\u00bb, complet\u00f3 el magistrado.<\/p>\n","protected":false},"excerpt":{"rendered":"<p>Un juez de R\u00edo Cuarto, en un fallo in\u00e9dito en el pa\u00eds, otorg\u00f3 la guarda definitiva de dos ni\u00f1os a un travesti que los cuid\u00f3 durante m\u00e1s de cuatro a\u00f1os en la localidad cordobesa de Holmberg, al considerar que la Justicia debe actuar \u00absin prejuicios\u00bb. La decisi\u00f3n la tom\u00f3 el juez de menores Jos\u00e9 Varela&hellip;<\/p>\n","protected":false},"author":1,"featured_media":0,"comment_status":"open","ping_status":"open","sticky":false,"template":"","format":"standard","meta":{"footnotes":""},"categories":[20],"tags":[153,2273,1788,2081,1387],"class_list":["post-4369","post","type-post","status-publish","format-standard","hentry","category-judiciales","tag-cordoba","tag-guarda","tag-ninos","tag-rio-cuarto","tag-travesti"],"_links":{"self":[{"href":"https:\/\/www.elsindical.com.ar\/notas\/wp-json\/wp\/v2\/posts\/4369","targetHints":{"allow":["GET"]}}],"collection":[{"href":"https:\/\/www.elsindical.com.ar\/notas\/wp-json\/wp\/v2\/posts"}],"about":[{"href":"https:\/\/www.elsindical.com.ar\/notas\/wp-json\/wp\/v2\/types\/post"}],"author":[{"embeddable":true,"href":"https:\/\/www.elsindical.com.ar\/notas\/wp-json\/wp\/v2\/users\/1"}],"replies":[{"embeddable":true,"href":"https:\/\/www.elsindical.com.ar\/notas\/wp-json\/wp\/v2\/comments?post=4369"}],"version-history":[{"count":1,"href":"https:\/\/www.elsindical.com.ar\/notas\/wp-json\/wp\/v2\/posts\/4369\/revisions"}],"predecessor-version":[{"id":4371,"href":"https:\/\/www.elsindical.com.ar\/notas\/wp-json\/wp\/v2\/posts\/4369\/revisions\/4371"}],"wp:attachment":[{"href":"https:\/\/www.elsindical.com.ar\/notas\/wp-json\/wp\/v2\/media?parent=4369"}],"wp:term":[{"taxonomy":"category","embeddable":true,"href":"https:\/\/www.elsindical.com.ar\/notas\/wp-json\/wp\/v2\/categories?post=4369"},{"taxonomy":"post_tag","embeddable":true,"href":"https:\/\/www.elsindical.com.ar\/notas\/wp-json\/wp\/v2\/tags?post=4369"}],"curies":[{"name":"wp","href":"https:\/\/api.w.org\/{rel}","templated":true}]}}