{"id":43622,"date":"2014-06-23T01:50:19","date_gmt":"2014-06-23T04:50:19","guid":{"rendered":"http:\/\/www.elsindical.com.ar\/notas\/?p=43622"},"modified":"2014-06-23T02:13:45","modified_gmt":"2014-06-23T05:13:45","slug":"avellaneda-el-hcd-en-llamas","status":"publish","type":"post","link":"https:\/\/www.elsindical.com.ar\/notas\/avellaneda-el-hcd-en-llamas\/","title":{"rendered":"Avellaneda: El HCD en llamas"},"content":{"rendered":"<p><em><a href=\"http:\/\/www.elsindical.com.ar\/notas\/var\/www\/html\/notas\/wp-content\/uploads\/2014\/06\/HCD-Avellaneda-llamas.jpg\"><img loading=\"lazy\" decoding=\"async\" class=\"alignnone size-medium wp-image-43621\" src=\"http:\/\/www.elsindical.com.ar\/notas\/var\/www\/html\/notas\/wp-content\/uploads\/2014\/06\/HCD-Avellaneda-llamas-300x219.jpg\" alt=\"HCD-Avellaneda-llamas\" width=\"300\" height=\"219\" srcset=\"https:\/\/www.elsindical.com.ar\/notas\/var\/www\/html\/notas\/wp-content\/uploads\/2014\/06\/HCD-Avellaneda-llamas-300x219.jpg 300w, https:\/\/www.elsindical.com.ar\/notas\/var\/www\/html\/notas\/wp-content\/uploads\/2014\/06\/HCD-Avellaneda-llamas-410x300.jpg 410w, https:\/\/www.elsindical.com.ar\/notas\/var\/www\/html\/notas\/wp-content\/uploads\/2014\/06\/HCD-Avellaneda-llamas.jpg 531w\" sizes=\"auto, (max-width: 300px) 100vw, 300px\" \/><\/a><\/em><\/p>\n<p>El desprestigio que los concejales de Avellaneda han sabido ganar, cada vez, se acent\u00faa\u00a0m\u00e1s,\u00a0como la distancia entre los supuestos representantes de los vecinos, demostrada en cada una de\u00a0las votaciones y proyectos que se aprueban.<\/p>\n<p>Por estos d\u00edas, el concejal Benicio Guti\u00e9rrez, volvi\u00f3 a criticar al concejal Armando Bertolotto, quien encabeza a los otros concejales del Frente Renovador de Avellaneda, reclamando que el massismo adopte como medida la expulsi\u00f3n del partido de este, quien no oculta su cercan\u00eda con el intendente Jorge Ferraresi, con quien adem\u00e1s de reunirse semanalmente en su despacho, vota con su grupo todos los proyectos del oficialismo.<\/p>\n<p>Lo que desat\u00f3 la reacci\u00f3n del concejal, fue la votaci\u00f3n afirmativa por parte de Bertolotto y los otros concejales que lo acompa\u00f1an, Sandra Alice y Orlando Machado.<\/p>\n<p>\u201cSer\u00eda lo correcto\u201d, afirm\u00f3 Guti\u00e9rrez consultado sobre una eventual expulsi\u00f3n de la fuerza. \u201cNo tengo injerencia para poder participar o tomar una decisi\u00f3n de ese tipo, pero ser\u00eda lo correcto. Tenemos que trabajar de cara a la gente y definir cu\u00e1l es nuestra posici\u00f3n pol\u00edtica. Si deciden sumarse al kirchnerismo, me parece correcto. No veo a un concejal del Frente para la Victoria no apoyando al oficialismo. Inmediatamente lo expulsar\u00edan. Ac\u00e1 debe pasar lo mismo\u201d, sostuvo.<\/p>\n<p>Es que algo similar ya ocurri\u00f3 en el partido de Quilmes, donde el FR decidi\u00f3 expulsar y prohibir la utilizaci\u00f3n de simbolog\u00eda massista al concejal Jos\u00e9 Casazza luego de haber acompa\u00f1ado iniciativas del oficialismo de ese distrito.<\/p>\n<p>\u201cNo tenemos ning\u00fan tipo de di\u00e1logo con Bertolotto a partir de la actitud que tiene que cada tema puntual en el Concejo sale apoyando al oficialismo. No es nada personal con \u00e9l, es una cuesti\u00f3n pol\u00edtica que decide trabajar con el oficialismo\u201d, lanz\u00f3.<\/p>\n<p>Es por eso que apunt\u00f3 que las autoridades partidarias \u201cest\u00e1n al tanto de lo que ha pasado\u201d. \u201cEsperemos que se tome alg\u00fan tipo de medidas, sino pierde seriedad. No se puede jugar a dos puntas. Hay muchos que son m\u00e1s extremos en sus opiniones. Se llega a pensar que es por una cuesti\u00f3n econ\u00f3mica. Yo no lo descartar\u00eda\u201d, agreg\u00f3.<\/p>\n<p>En otro orden, Guti\u00e9rrez reclam\u00f3 \u201cvoluntad pol\u00edtica\u201d para afrontar en el distrito el recorte del 30 por ciento en el cupo para comedores escolares, denuncia que hicieron p\u00fablica entidades gremiales durante las \u00faltimas semanas.<\/p>\n<p>Con el tema de los comedores la pol\u00e9mica se gener\u00f3 en torno a la medida del gobernador Daniel Scioli de reducir partidas a los Consejos Escolares, luego de un relevamiento que se realiz\u00f3, y que en Avellaneda, tiene preocupados a padres y docentes. Por este tema desde el oficialismo la que tom\u00f3 la palabra para defender no solo la medida y al ejecutivo, fue la concejal Ver\u00f3nica Ju\u00e1rez, quien asegur\u00f3, no se sabe con qu\u00e9 fuente de informaci\u00f3n, que el Consejo Escolar de Avellaneda, estaba recibiendo por estos d\u00edas un cheque de la provincia de Buenos Aires, y que iba a tener una cuota superior a la que estaba recibiendo.<\/p>\n<p>Ver\u00f3nica Ju\u00e1rez, est\u00e1 intentando ser la voz del municipio, ya que el veterano concejal y presidente del bloque oficialista Jorge Degli Innocenti no solo ha ca\u00eddo en desgracia dentro del espacio pol\u00edtico que defiende donde se lo ha relegado a un puesto mucho menor, reemplaz\u00e1ndolo por un impresentable muchacho como lo es Federico Taboada, sino que adem\u00e1s en las \u00faltimas declaraciones a los medios con pauta del municipio, se ha burlado en la cara de los vecinos al afirmar que cuestiones tan sensibles como seguridad y salud se encuentran muy bien llevadas en Avellaneda. Pero la frutilla de la torta la ha colocado cuando sin que nadie le pidiera una explicaci\u00f3n, en la red social Facebook, sali\u00f3 a acusar a los damnificados estafados en el emprendimiento \u201cEstrella del Sur\u201d de no haber sabido contratar o tener el debido cuidado, cuando la realidad es que todos los involucrados son empresas de reconocida trayectoria y una importante cantidad de inmobiliarias del partido de Avellaneda, muchos de los hoy acusados con influencias y lazos con funcionarios municipales en las m\u00e1s altas jerarqu\u00edas.<\/p>\n<p>Asegur\u00f3 que su participaci\u00f3n no era para lavarse las manos, pero cuesta creer como se lo demostraron varios de los que participaron de la charla, que tuviera buenas intenciones, y como asegur\u00f3 que \u00e9l hab\u00eda advertido maniobras raras y llev\u00f3 su preocupaci\u00f3n al HCD, para que se aclarara que el municipio no ten\u00eda nada que ver, nunca respondi\u00f3 si como funcionario y habiendo detectado esto realiz\u00f3 alguna denuncia. Tampoco pudo Degli Innocenti, explicar si el municipio era ajeno a todo, los motivos por los cuales a la inauguraci\u00f3n del proyecto concurri\u00f3 el intendente de Avellaneda Jorge Ferraresi, como no supo explicar la participaci\u00f3n de la entonces secretaria de obras y servicios p\u00fablicos Magdalena Sierra, esposa del intendente.<\/p>\n<p>Muchas cosas que el concejal no ha sabido aclarar como tantas otras y que demuestran que menos representarnos, cualquier cosa es mejor, como los negocios o la pol\u00edtica.<\/p>\n<p>Por otro lado, la campa\u00f1a contra el concejal H\u00e9ctor Villagra, que un sector ha encabezado acus\u00e1ndolo de ser el hombre m\u00e1s corrupto de Avellaneda, parece estar manejada por quienes tratan de que el intendente Ferraresi no termine cerrando un acuerdo con el gobernador Daniel Scioli, lo que implicar\u00eda m\u00e1s cambios que los que se han producido y se avecinan. Dentro de esos acuerdos entre Ferraresi y Scioli, est\u00e1 el traspaso del Hospital Municipal de Wilde, el cual posee una deuda millonaria, de la que se har\u00eda cargo la provincia para aliviar al municipio y mejorar la imagen del intendente quien ya no es visto con los mismos ojos desde naci\u00f3n. Mucho ruido en torno a Villagra, pero nada en la justicia, y m\u00e1s curioso es el hecho de que dentro de las acusaciones de testaferros y millones en emprendimientos inmobiliarios en Entre R\u00edos, no se haga menci\u00f3n al gobernador de la provincia Sergio Urribarri, un muy conocido de Degli Innocenti y candidato presidenciable sobre el que pesan no pocas denuncias.<\/p>\n<p>Pero si le faltaba algo a este HCD en llamas es que ni el Defensor del Pueblo de Avellaneda, Sebasti\u00e1n Vinagre est\u00e1 lejos de ser alcanzado, el concejal Degli Innocenti, abiertamente a minimizado la figura del defensor de quien se dice entrar\u00eda en la carrera pol\u00edtica con alguna postulaci\u00f3n, ya que seg\u00fan el veterano concejal, textualmente dijo \u201cVinagre est\u00e1 ah\u00ed porque lo pusimos nosotros, no puede joder mucho porque depende del presupuesto que el intendente le fije, y eso como no est\u00e1 regulado, puede ser el 1, el 2, el 3 o el 0,5 del presupuesto y va a tener que cerrar la oficina.\u201d<\/p>\n<p>Palabras preocupantes para todos los vecinos de Avellaneda que confiamos en que existe una Defensor\u00eda del Pueblo que nos representa, pero al parecer, las cosas ser\u00edan de otra forma, tal vez as\u00ed, se explique el hecho de que muchas denuncias que vinculan a funcionarios municipales no tengan ning\u00fan efecto, y todo siga igual.<\/p>\n<p>Los vecinos deber\u00edan exigir que la Defensor\u00eda tenga la autonom\u00eda necesaria para actuar en defensa de los vecinos y no que solo sea una instituci\u00f3n de cart\u00f3n, donde el intendente sea el que fije sus l\u00edmites.<\/p>\n<p>Por el lado de quienes hoy integran UNEN, como ser Rub\u00e9n Conde, Dami\u00e1n Paz, Rodrigo Galetovich y Miriam Grai\u00f1o, \u00a0tampoco se han salvado de las cr\u00edticas, y son los mismos concejales del oficialismo los que los acusan de no ser transparentes y estar siempre a la espera de poder mejorar sus acuerdos con el intendente, mientras que los concejales de la oposici\u00f3n los acusan de ser c\u00f3mplices del oficialismo al no denunciar en la justicia muchas de las cosas que suelen decir en el recinto o en los medios, seg\u00fan estos, la excusa de algunos de estos concejales es que ellos solo est\u00e1n haciendo pol\u00edtica.<\/p>\n<p>Como se puede apreciar, el HCD de Avellaneda se encuentra en llamas y las peleas prometen ser cada vez m\u00e1s duras, en esta panorama, los m\u00e1s perjudicados como siempre ser\u00e1n los vecinos, creo que es hora que algunos concejales piensen en un retiro digno y que desde el oficialismo dejen de usar la billetera y los acuerdos para desgastar las arcas del municipio, necesitamos pol\u00edticos que nos voten proyectos para mejorar la calidad de vida de todos los vecinos, no solo de sectores, no solo de los que integran agrupaciones pol\u00edticas a las que se les bajan los recursos y que todos los d\u00edas aparece una nueva en Avellaneda.<\/p>\n<p>Esta forma de hacer pol\u00edtica no sirve, no suma, estaremos siguiendo e informando a nuestros lectores como sigue esto, y estaremos presentando pedidos de informes al intendente y al presidente del Concejo Deliberante Hugo Barrueco, a pesar de que ya sabemos perfectamente que si hay algo que suelen hacer muy bien Ferraresi y Barrueco, es ocultar.<\/p>\n<p>&nbsp;<\/p>\n<p><em><strong>Por Marcelo Ricardo Hawrylciw<\/strong><\/em><\/p>\n<p><a href=\"editor@elsindical.com.ar%20 \">editor@elsindical.com.ar\u00a0 <\/a><\/p>\n","protected":false},"excerpt":{"rendered":"<p>El desprestigio que los concejales de Avellaneda han sabido ganar, cada vez, se acent\u00faa\u00a0m\u00e1s,\u00a0como la distancia entre los supuestos representantes de los vecinos, demostrada en cada una de\u00a0las votaciones y proyectos que se aprueban. Por estos d\u00edas, el concejal Benicio Guti\u00e9rrez, volvi\u00f3 a criticar al concejal Armando Bertolotto, quien encabeza a los otros concejales del&hellip;<\/p>\n","protected":false},"author":1,"featured_media":0,"comment_status":"open","ping_status":"open","sticky":false,"template":"","format":"standard","meta":{"footnotes":""},"categories":[1,10],"tags":[1285,461,3517,22020,18243,16587,17603,15486,1062,16678,12779],"class_list":["post-43622","post","type-post","status-publish","format-standard","hentry","category-destacadas","category-editorial","tag-armando-bertolotto","tag-avellaneda","tag-benicio-gutierrez","tag-denuncias","tag-fr","tag-hcd","tag-hugo-barrueco","tag-jorge-degli-innocenti","tag-jorge-ferraresi","tag-massismo","tag-veronica-juarez"],"_links":{"self":[{"href":"https:\/\/www.elsindical.com.ar\/notas\/wp-json\/wp\/v2\/posts\/43622","targetHints":{"allow":["GET"]}}],"collection":[{"href":"https:\/\/www.elsindical.com.ar\/notas\/wp-json\/wp\/v2\/posts"}],"about":[{"href":"https:\/\/www.elsindical.com.ar\/notas\/wp-json\/wp\/v2\/types\/post"}],"author":[{"embeddable":true,"href":"https:\/\/www.elsindical.com.ar\/notas\/wp-json\/wp\/v2\/users\/1"}],"replies":[{"embeddable":true,"href":"https:\/\/www.elsindical.com.ar\/notas\/wp-json\/wp\/v2\/comments?post=43622"}],"version-history":[{"count":6,"href":"https:\/\/www.elsindical.com.ar\/notas\/wp-json\/wp\/v2\/posts\/43622\/revisions"}],"predecessor-version":[{"id":43628,"href":"https:\/\/www.elsindical.com.ar\/notas\/wp-json\/wp\/v2\/posts\/43622\/revisions\/43628"}],"wp:attachment":[{"href":"https:\/\/www.elsindical.com.ar\/notas\/wp-json\/wp\/v2\/media?parent=43622"}],"wp:term":[{"taxonomy":"category","embeddable":true,"href":"https:\/\/www.elsindical.com.ar\/notas\/wp-json\/wp\/v2\/categories?post=43622"},{"taxonomy":"post_tag","embeddable":true,"href":"https:\/\/www.elsindical.com.ar\/notas\/wp-json\/wp\/v2\/tags?post=43622"}],"curies":[{"name":"wp","href":"https:\/\/api.w.org\/{rel}","templated":true}]}}