{"id":43618,"date":"2014-06-23T00:18:25","date_gmt":"2014-06-23T03:18:25","guid":{"rendered":"http:\/\/www.elsindical.com.ar\/notas\/?p=43618"},"modified":"2014-06-23T00:18:25","modified_gmt":"2014-06-23T03:18:25","slug":"quilmespresos-por-abandonar-a-bebita-en-camioneta","status":"publish","type":"post","link":"https:\/\/www.elsindical.com.ar\/notas\/quilmespresos-por-abandonar-a-bebita-en-camioneta\/","title":{"rendered":"Quilmes:Presos por abandonar a bebita en camioneta"},"content":{"rendered":"<p><em><a href=\"http:\/\/www.elsindical.com.ar\/notas\/var\/www\/html\/notas\/wp-content\/uploads\/2014\/06\/pareja-detenida-Quilmes.jpg\"><img loading=\"lazy\" decoding=\"async\" class=\"alignnone size-medium wp-image-43619\" src=\"http:\/\/www.elsindical.com.ar\/notas\/var\/www\/html\/notas\/wp-content\/uploads\/2014\/06\/pareja-detenida-Quilmes-300x157.jpg\" alt=\"pareja-detenida-Quilmes\" width=\"300\" height=\"157\" srcset=\"https:\/\/www.elsindical.com.ar\/notas\/var\/www\/html\/notas\/wp-content\/uploads\/2014\/06\/pareja-detenida-Quilmes-300x157.jpg 300w, https:\/\/www.elsindical.com.ar\/notas\/var\/www\/html\/notas\/wp-content\/uploads\/2014\/06\/pareja-detenida-Quilmes-500x262.jpg 500w, https:\/\/www.elsindical.com.ar\/notas\/var\/www\/html\/notas\/wp-content\/uploads\/2014\/06\/pareja-detenida-Quilmes.jpg 531w\" sizes=\"auto, (max-width: 300px) 100vw, 300px\" \/><\/a>La pareja dej\u00f3 en la caja del veh\u00edculo a la peque\u00f1a de seis meses. Los vecinos dieron aviso a la polic\u00eda, quienes rescataron a la menor y detuvieron a los desalmados. El hecho ocurri\u00f3 en Quilmes.<\/em><\/p>\n<p><span style=\"line-height: 1.6em;\">Una pareja fue apresada en las \u00faltimas horas por efectivos Comando de Prevenci\u00f3n Comunitaria (CPC) de Quilmes luego de dejar abandonada a una beb\u00e9 en la caja de una camioneta.<\/span><\/p>\n<p><span style=\"line-height: 1.6em;\">A ra\u00edz de un llamado de un vecino a la Central de Emergencias 911, integrantes de esa dependencia policial aprehendieron a un hombre y una mujer de 38 y 33 a\u00f1os, respectivamente, los cuales minutos antes hab\u00edan dejado a una peque\u00f1a de 6 meses de vida en la parte trasera del rodado.<\/span><\/p>\n<p><span style=\"line-height: 1.6em;\">La ni\u00f1a, que se encuentra en buen estado de salud, estaba envuelta en una manta y fue asistida por la Polic\u00eda, para luego ser trasladada al hospital municipal de esa localidad del sur del Conurbano.<\/span><\/p>\n<p><span style=\"line-height: 1.6em;\">Interviene la Unidad Funcional de Instrucci\u00f3n n\u00famero 2, a cargo del Dr. <strong>Leonardo Sarra<\/strong>, perteneciente al Departamento Judicial de Quilmes.<\/span><\/p>\n","protected":false},"excerpt":{"rendered":"<p>La pareja dej\u00f3 en la caja del veh\u00edculo a la peque\u00f1a de seis meses. Los vecinos dieron aviso a la polic\u00eda, quienes rescataron a la menor y detuvieron a los desalmados. El hecho ocurri\u00f3 en Quilmes. Una pareja fue apresada en las \u00faltimas horas por efectivos Comando de Prevenci\u00f3n Comunitaria (CPC) de Quilmes luego de&hellip;<\/p>\n","protected":false},"author":1,"featured_media":0,"comment_status":"open","ping_status":"open","sticky":false,"template":"","format":"standard","meta":{"footnotes":""},"categories":[22],"tags":[681,237,240,30,684],"class_list":["post-43618","post","type-post","status-publish","format-standard","hentry","category-policiales","tag-beba","tag-detenida","tag-pareja","tag-policia","tag-quilmes"],"_links":{"self":[{"href":"https:\/\/www.elsindical.com.ar\/notas\/wp-json\/wp\/v2\/posts\/43618","targetHints":{"allow":["GET"]}}],"collection":[{"href":"https:\/\/www.elsindical.com.ar\/notas\/wp-json\/wp\/v2\/posts"}],"about":[{"href":"https:\/\/www.elsindical.com.ar\/notas\/wp-json\/wp\/v2\/types\/post"}],"author":[{"embeddable":true,"href":"https:\/\/www.elsindical.com.ar\/notas\/wp-json\/wp\/v2\/users\/1"}],"replies":[{"embeddable":true,"href":"https:\/\/www.elsindical.com.ar\/notas\/wp-json\/wp\/v2\/comments?post=43618"}],"version-history":[{"count":1,"href":"https:\/\/www.elsindical.com.ar\/notas\/wp-json\/wp\/v2\/posts\/43618\/revisions"}],"predecessor-version":[{"id":43620,"href":"https:\/\/www.elsindical.com.ar\/notas\/wp-json\/wp\/v2\/posts\/43618\/revisions\/43620"}],"wp:attachment":[{"href":"https:\/\/www.elsindical.com.ar\/notas\/wp-json\/wp\/v2\/media?parent=43618"}],"wp:term":[{"taxonomy":"category","embeddable":true,"href":"https:\/\/www.elsindical.com.ar\/notas\/wp-json\/wp\/v2\/categories?post=43618"},{"taxonomy":"post_tag","embeddable":true,"href":"https:\/\/www.elsindical.com.ar\/notas\/wp-json\/wp\/v2\/tags?post=43618"}],"curies":[{"name":"wp","href":"https:\/\/api.w.org\/{rel}","templated":true}]}}