{"id":43610,"date":"2014-06-22T18:33:56","date_gmt":"2014-06-22T21:33:56","guid":{"rendered":"http:\/\/www.elsindical.com.ar\/notas\/?p=43610"},"modified":"2014-06-22T18:33:56","modified_gmt":"2014-06-22T21:33:56","slug":"decretaron-la-quiebra-de-la-marca-de-ropas-coniglio","status":"publish","type":"post","link":"https:\/\/www.elsindical.com.ar\/notas\/decretaron-la-quiebra-de-la-marca-de-ropas-coniglio\/","title":{"rendered":"Decretaron la quiebra de la marca de ropas Coniglio"},"content":{"rendered":"<p><em><a href=\"http:\/\/www.elsindical.com.ar\/notas\/var\/www\/html\/notas\/wp-content\/uploads\/2014\/06\/Coniglio-ropa.jpg\"><img loading=\"lazy\" decoding=\"async\" class=\"alignnone size-medium wp-image-43611\" src=\"http:\/\/www.elsindical.com.ar\/notas\/var\/www\/html\/notas\/wp-content\/uploads\/2014\/06\/Coniglio-ropa-300x245.jpg\" alt=\"Coniglio-ropa\" width=\"300\" height=\"245\" srcset=\"https:\/\/www.elsindical.com.ar\/notas\/var\/www\/html\/notas\/wp-content\/uploads\/2014\/06\/Coniglio-ropa-300x245.jpg 300w, https:\/\/www.elsindical.com.ar\/notas\/var\/www\/html\/notas\/wp-content\/uploads\/2014\/06\/Coniglio-ropa-366x300.jpg 366w, https:\/\/www.elsindical.com.ar\/notas\/var\/www\/html\/notas\/wp-content\/uploads\/2014\/06\/Coniglio-ropa.jpg 443w\" sizes=\"auto, (max-width: 300px) 100vw, 300px\" \/><\/a>Supo tener 50 locales y facturar US$ 60 millones. Sin embargo, la empresa fundada por Jos\u00e9 Ignacio De Mendiguren baj\u00f3 la persiana.\u00a0<\/em><\/p>\n<p>En marzo de 1998, cuando The Exxel Group pag\u00f3 US$ 8 millones por Coniglio, la marca fundada por Jos\u00e9 Ignacio De Mendiguren, era la l\u00edder indiscutida del negocio de ropa para chicos. Para entonces, la etiqueta sumaba 50 locales y una facturaci\u00f3n estimada en 60 millones de pesos-d\u00f3lares. Pero en menos de cinco a\u00f1os y de la mano del Exxel Group, la empresa se convirti\u00f3 en retazos de lo que hab\u00eda llegado a ser. En ese tiempo, fue cerrando cada uno de sus locales y perdi\u00f3 el primer puesto en ventas a manos de Cheeky y Mimo &amp; Co, dos firmas familiares que hoy lideran el mercado. No era una etiqueta estrat\u00e9gica para Vesubio \u2013controlante hasta ese entonces\u2013 y por ello el tradicional conejito que era \u00edcono fue desapareciendo.<\/p>\n<p><span style=\"line-height: 1.6;\">En 2004 un grupo de emprendedores liderado por el constructor Jorge Greco y la familia Hinz fue por la revancha. \u201cLa marca hab\u00eda desaparecido, pero los clientes no sab\u00edan bien por qu\u00e9. Por suerte, el posicionamiento, el nivel de recordaci\u00f3n y la percepci\u00f3n de calidad de los productos no se devaluaron\u00bb, aseguraba Greco<\/span><span style=\"line-height: 1.6;\">, desde el nuevo showroom de la avenida C\u00f3rdoba.\u00a0<\/span><\/p>\n<p>Ten\u00edan previsto inaugurar 22 sucursales y recuperar posiciones con franquicias. No exig\u00edan fee de ingreso ni tampoco regal\u00edas a sus potenciales socios, sino un desembolso de $ 20.000 para el mobiliario y de entre $ 50.000 y $ 70.000 en ropa.<\/p>\n<p>El objetivo era facturar unos $ 5 millones en una primera etapa. Los resultados, sin embargo, estuvieron lejos del sue\u00f1o inicial. Hoy diez a\u00f1os despu\u00e9s y tras varios intentos fallidos que incluyeron tambi\u00e9n traspasos accionarios la compa\u00f1\u00eda termin\u00f3 en concurso y finalmente en la actual quiebra que fue decretada\u00a0el\u00a0mi\u00e9rcoles 18\u00a0en el Juzgado n\u00famero 26, secretar\u00eda n\u00famero 51. El plazo para la verificaci\u00f3n de cr\u00e9ditos se extiende hasta el 11 de agosto y el s\u00edndico designado es el Estudio Vergara, Sala, Spinelli y Asociados.<\/p>\n","protected":false},"excerpt":{"rendered":"<p>Supo tener 50 locales y facturar US$ 60 millones. Sin embargo, la empresa fundada por Jos\u00e9 Ignacio De Mendiguren baj\u00f3 la persiana.\u00a0 En marzo de 1998, cuando The Exxel Group pag\u00f3 US$ 8 millones por Coniglio, la marca fundada por Jos\u00e9 Ignacio De Mendiguren, era la l\u00edder indiscutida del negocio de ropa para chicos. Para&hellip;<\/p>\n","protected":false},"author":1,"featured_media":0,"comment_status":"open","ping_status":"open","sticky":false,"template":"","format":"standard","meta":{"footnotes":""},"categories":[28],"tags":[19071,7948,2429],"class_list":["post-43610","post","type-post","status-publish","format-standard","hentry","category-empresariales","tag-coniglio","tag-jose-ignacio-de-mendiguren","tag-quiebra"],"_links":{"self":[{"href":"https:\/\/www.elsindical.com.ar\/notas\/wp-json\/wp\/v2\/posts\/43610","targetHints":{"allow":["GET"]}}],"collection":[{"href":"https:\/\/www.elsindical.com.ar\/notas\/wp-json\/wp\/v2\/posts"}],"about":[{"href":"https:\/\/www.elsindical.com.ar\/notas\/wp-json\/wp\/v2\/types\/post"}],"author":[{"embeddable":true,"href":"https:\/\/www.elsindical.com.ar\/notas\/wp-json\/wp\/v2\/users\/1"}],"replies":[{"embeddable":true,"href":"https:\/\/www.elsindical.com.ar\/notas\/wp-json\/wp\/v2\/comments?post=43610"}],"version-history":[{"count":1,"href":"https:\/\/www.elsindical.com.ar\/notas\/wp-json\/wp\/v2\/posts\/43610\/revisions"}],"predecessor-version":[{"id":43612,"href":"https:\/\/www.elsindical.com.ar\/notas\/wp-json\/wp\/v2\/posts\/43610\/revisions\/43612"}],"wp:attachment":[{"href":"https:\/\/www.elsindical.com.ar\/notas\/wp-json\/wp\/v2\/media?parent=43610"}],"wp:term":[{"taxonomy":"category","embeddable":true,"href":"https:\/\/www.elsindical.com.ar\/notas\/wp-json\/wp\/v2\/categories?post=43610"},{"taxonomy":"post_tag","embeddable":true,"href":"https:\/\/www.elsindical.com.ar\/notas\/wp-json\/wp\/v2\/tags?post=43610"}],"curies":[{"name":"wp","href":"https:\/\/api.w.org\/{rel}","templated":true}]}}