{"id":43601,"date":"2014-06-22T03:25:19","date_gmt":"2014-06-22T06:25:19","guid":{"rendered":"http:\/\/www.elsindical.com.ar\/notas\/?p=43601"},"modified":"2014-06-22T03:25:19","modified_gmt":"2014-06-22T06:25:19","slug":"allanan-domicilio-para-salvaguardar-a-un-menor","status":"publish","type":"post","link":"https:\/\/www.elsindical.com.ar\/notas\/allanan-domicilio-para-salvaguardar-a-un-menor\/","title":{"rendered":"Allanan domicilio para salvaguardar a un menor"},"content":{"rendered":"<p><em><a href=\"http:\/\/www.elsindical.com.ar\/notas\/var\/www\/html\/notas\/wp-content\/uploads\/2014\/06\/Norberto-Tavosnanska.jpg\"><img loading=\"lazy\" decoding=\"async\" class=\"alignnone size-medium wp-image-43603\" src=\"http:\/\/www.elsindical.com.ar\/notas\/var\/www\/html\/notas\/wp-content\/uploads\/2014\/06\/Norberto-Tavosnanska-300x264.jpg\" alt=\"Norberto-Tavosnanska\" width=\"300\" height=\"264\" srcset=\"https:\/\/www.elsindical.com.ar\/notas\/var\/www\/html\/notas\/wp-content\/uploads\/2014\/06\/Norberto-Tavosnanska-300x264.jpg 300w, https:\/\/www.elsindical.com.ar\/notas\/var\/www\/html\/notas\/wp-content\/uploads\/2014\/06\/Norberto-Tavosnanska-339x300.jpg 339w, https:\/\/www.elsindical.com.ar\/notas\/var\/www\/html\/notas\/wp-content\/uploads\/2014\/06\/Norberto-Tavosnanska.jpg 443w\" sizes=\"auto, (max-width: 300px) 100vw, 300px\" \/><\/a>La decisi\u00f3n fue adoptada por el Juez en lo Penal, Contravencional y de Faltas Norberto Tavosnanska en el marco de un proceso por amenazas en un contexto de violencia dom\u00e9stica.<\/em><\/p>\n<p>El Consejo de la Magistratura\/ Poder Judicial de la Ciudad Aut\u00f3noma de Buenos Aires \u2013 CMPJCABA- inform\u00f3 que el Juez en lo Penal, Contravencional y de Faltas Norberto Tavosnanska orden\u00f3 el allanamiento de un domicilio para salvaguardar a un menor. La decisi\u00f3n fue adoptada en el marco de un proceso por amenazas en un contexto de violencia dom\u00e9stica.<\/p>\n<p><b>\u201cLa justicia porte\u00f1a orden\u00f3 el allanamiento de una vivienda con el objetivo de secuestrar documentaci\u00f3n y realizar ex\u00e1menes f\u00edsicos y psicol\u00f3gicos a un ni\u00f1o de 3 a\u00f1os en riesgo ante la violencia ejercida sobre \u00e9l por su madre. La causa fue iniciada por la abuela, v\u00edctima tambi\u00e9n de malos tratos.<\/b><\/p>\n<p><b>En el marco de una causa por amenazas en un contexto de violencia dom\u00e9stica, la justicia porte\u00f1a dispuso una serie de medidas con el objetivo de salvaguardar a un menor ante la posibilidad de ser v\u00edctima de malos tratos y abandono por parte de su madre.<\/b><\/p>\n<p><b>Ante la solicitud efectuada por el Ministerio P\u00fablico Fiscal, el juez Norberto Tavosnanska, a cargo interinamente del juzgado N\u00b0 1 en lo Penal, Contravencional y de Faltas, orden\u00f3 el allanamiento de una vivienda del barrio de San Crist\u00f3bal con el objetivo de secuestrar documentaci\u00f3n y\/o constancias de los establecimientos educativos y m\u00e9dicos a los que concurre el menor de edad, adem\u00e1s de efectuar ex\u00e1menes f\u00edsicos y psicol\u00f3gicos que permitan establecer si el \u00e1mbito en el que vive el menor implica un riesgo para su salud f\u00edsica y mental y si se encuentra inmerso en un estado de desprotecci\u00f3n o abandono.<\/b><\/p>\n<p><b>\u201cEntiendo que el cuadro de situaci\u00f3n tra\u00eddo a estudio permite afirmar que est\u00e1n dadas las condiciones para proceder de acuerdo con lo solicitado, en tanto revela que concurren las situaciones de excepci\u00f3n necesarias para invadir los \u00e1mbitos de intimidad y reserva que protegen a todo individuo frente a cualquier injerencia estatal\u201d, sostuvo el magistrado en su resoluci\u00f3n.<\/b><\/p>\n<p><b>La orden de allanamiento dictada para su ejecuci\u00f3n a primera hora de la ma\u00f1ana del d\u00eda 11 de junio, se enmarc\u00f3 en una causa iniciada por una mujer contra su propia hija en la Oficina de Violencia Dom\u00e9stica de la Corte Suprema de Justicia de la Naci\u00f3n, a ra\u00edz de la amenaza de muerte recibida de boca de su hija, y de los malos tratos hacia su nieto (\u201cpellizcos, empujones y golpes con la mano abierta\u201d, seg\u00fan consta en el expediente, adem\u00e1s de no tener controles m\u00e9dicos).<\/b><\/p>\n<p><b>\u201cNo s\u00f3lo se trata de una diligencia conveniente en relaci\u00f3n a los fines de la investigaci\u00f3n, sino adem\u00e1s, en todo caso, para proteger la integridad psicof\u00edsica del menor damnificado, pues se aprecia que existir\u00eda violencia f\u00edsica, posible negligencia, maltrato emocional y el v\u00ednculo entre la denunciada y su hijo ser\u00eda conflictivo, lo que ir\u00eda en desmedro del adecuado desarrollo psicof\u00edsico del mismo, tal como concluy\u00f3 la Oficina de Violencia Dom\u00e9stica de la CSJN en el informe psicosocial de situaci\u00f3n de riesgo\u201d, destaca el juez Tavosnanska.<\/b><\/p>\n<p><b>Y agrega: \u201cLa necesidad de anular dichos riesgos o disminuirlos considerablemente, constituyen los dos pilares en que se asientan los motivos de urgencia que permiten admitir la diligencia peticionada\u201d.<\/b><\/p>\n<p><b>En la orden de allanamiento dictada el magistrado dispuso la incorporaci\u00f3n de personal de la Divisi\u00f3n de Violencia de G\u00e9nero de la Polic\u00eda Metropolitana, la participaci\u00f3n de un m\u00e9dico y un psic\u00f3logo del Cuerpo M\u00e9dico Forense del Poder Judicial para efectuar los ex\u00e1menes al menor, y establece que el ni\u00f1o \u201cbajo ning\u00fan punto de vista deber\u00e1 ser separado de su madre ni de su abuela al ser sometido a las evaluaciones\u201d.<\/b><\/p>\n<p><b>El magistrado porte\u00f1o tambi\u00e9n orden\u00f3 que la examinaci\u00f3n del menor se divida en dos etapas: una primera evaluaci\u00f3n en el domicilio de los profesionales participantes y una segunda etapa de evaluaci\u00f3n de acuerdo al protocolo previsto en el \u00e1rea m\u00e9dica del Hospital \u201cPedro Elizalde\u201d en casos de maltrato infantil a fin de \u201cdeterminar cu\u00e1les resultan ser los indicadores de maltrato ps\u00edquico o f\u00edsico o ambos, por comisi\u00f3n u omisi\u00f3n o ambas y adem\u00e1s se eval\u00fae los riesgos pasados, presente y proyecci\u00f3n del maltrato futuro a nivel psicof\u00edsico, como tambi\u00e9n evaluar el riesgo potencial que podr\u00eda representar encontrarse a cargo de una madre que no se encuentre en condiciones ps\u00edquicas de la crianza del ni\u00f1o\u201d.<\/b><\/p>\n","protected":false},"excerpt":{"rendered":"<p>La decisi\u00f3n fue adoptada por el Juez en lo Penal, Contravencional y de Faltas Norberto Tavosnanska en el marco de un proceso por amenazas en un contexto de violencia dom\u00e9stica. El Consejo de la Magistratura\/ Poder Judicial de la Ciudad Aut\u00f3noma de Buenos Aires \u2013 CMPJCABA- inform\u00f3 que el Juez en lo Penal, Contravencional y&hellip;<\/p>\n","protected":false},"author":1,"featured_media":0,"comment_status":"open","ping_status":"open","sticky":false,"template":"","format":"standard","meta":{"footnotes":""},"categories":[20],"tags":[138,175,19065,921,223,5863],"class_list":["post-43601","post","type-post","status-publish","format-standard","hentry","category-judiciales","tag-allanamiento","tag-denuncia","tag-juez-norberto-tavosnanska","tag-madre","tag-menor","tag-violencia-domestica"],"_links":{"self":[{"href":"https:\/\/www.elsindical.com.ar\/notas\/wp-json\/wp\/v2\/posts\/43601","targetHints":{"allow":["GET"]}}],"collection":[{"href":"https:\/\/www.elsindical.com.ar\/notas\/wp-json\/wp\/v2\/posts"}],"about":[{"href":"https:\/\/www.elsindical.com.ar\/notas\/wp-json\/wp\/v2\/types\/post"}],"author":[{"embeddable":true,"href":"https:\/\/www.elsindical.com.ar\/notas\/wp-json\/wp\/v2\/users\/1"}],"replies":[{"embeddable":true,"href":"https:\/\/www.elsindical.com.ar\/notas\/wp-json\/wp\/v2\/comments?post=43601"}],"version-history":[{"count":2,"href":"https:\/\/www.elsindical.com.ar\/notas\/wp-json\/wp\/v2\/posts\/43601\/revisions"}],"predecessor-version":[{"id":43604,"href":"https:\/\/www.elsindical.com.ar\/notas\/wp-json\/wp\/v2\/posts\/43601\/revisions\/43604"}],"wp:attachment":[{"href":"https:\/\/www.elsindical.com.ar\/notas\/wp-json\/wp\/v2\/media?parent=43601"}],"wp:term":[{"taxonomy":"category","embeddable":true,"href":"https:\/\/www.elsindical.com.ar\/notas\/wp-json\/wp\/v2\/categories?post=43601"},{"taxonomy":"post_tag","embeddable":true,"href":"https:\/\/www.elsindical.com.ar\/notas\/wp-json\/wp\/v2\/tags?post=43601"}],"curies":[{"name":"wp","href":"https:\/\/api.w.org\/{rel}","templated":true}]}}