{"id":43598,"date":"2014-06-22T03:16:40","date_gmt":"2014-06-22T06:16:40","guid":{"rendered":"http:\/\/www.elsindical.com.ar\/notas\/?p=43598"},"modified":"2014-06-22T03:16:40","modified_gmt":"2014-06-22T06:16:40","slug":"alertan-sobre-los-sintomas-de-esclerosis-lateral-amiotrofica","status":"publish","type":"post","link":"https:\/\/www.elsindical.com.ar\/notas\/alertan-sobre-los-sintomas-de-esclerosis-lateral-amiotrofica\/","title":{"rendered":"Alertan sobre los s\u00edntomas de esclerosis lateral amiotr\u00f3fica"},"content":{"rendered":"<p><em><a href=\"http:\/\/www.elsindical.com.ar\/notas\/var\/www\/html\/notas\/wp-content\/uploads\/2014\/06\/esclerosis-lateral-amiotr\u00f3f.jpg\"><img loading=\"lazy\" decoding=\"async\" class=\"alignnone size-medium wp-image-43599\" src=\"http:\/\/www.elsindical.com.ar\/notas\/var\/www\/html\/notas\/wp-content\/uploads\/2014\/06\/esclerosis-lateral-amiotr\u00f3f-300x283.jpg\" alt=\"esclerosis-lateral-amiotr\u00f3f\" width=\"300\" height=\"283\" srcset=\"https:\/\/www.elsindical.com.ar\/notas\/var\/www\/html\/notas\/wp-content\/uploads\/2014\/06\/esclerosis-lateral-amiotr\u00f3f-300x283.jpg 300w, https:\/\/www.elsindical.com.ar\/notas\/var\/www\/html\/notas\/wp-content\/uploads\/2014\/06\/esclerosis-lateral-amiotr\u00f3f-317x300.jpg 317w, https:\/\/www.elsindical.com.ar\/notas\/var\/www\/html\/notas\/wp-content\/uploads\/2014\/06\/esclerosis-lateral-amiotr\u00f3f.jpg 443w\" sizes=\"auto, (max-width: 300px) 100vw, 300px\" \/><\/a>Dificultad en el habla o al comer, calambres y debilidad en piernas, brazos y manos son s\u00edntomas de la Esclerosis Lateral Amiotr\u00f3fica (ELA), una enfermedad de causa desconocida que afecta hasta a 5 de cada 100.000 habitantes al a\u00f1o en Argentina, por lo que especialistas alertaron a la poblaci\u00f3n para diagnosticarla a tiempo.<\/em><\/p>\n<p>\u00abLa ELA es una enfermedad neurol\u00f3gica degenerativa en que las neuronas del cerebro y la m\u00e9dula espinal, que hacen mover los m\u00fasculos, se enferman, por lo que la persona no puede moverse bien y siente debilidad\u00bb, explic\u00f3 Gabriel Rodr\u00edguez, neur\u00f3logo del hospital Ramos Mej\u00eda.<\/p>\n<p>En el marco del D\u00eda mundial de la enfermedad, que se conmemora hoy, el especialista advirti\u00f3 acerca de los s\u00edntomas de la ELA, que son \u00abdebilidad muscular en brazos, manos o piernas, trastornos para hablar (disartria), trastornos para tragar (disfagia), calambres y, en etapas m\u00e1s avanzadas, dificultades para respirar (disnea)\u00bb.<\/p>\n<p>\u00abLas personas deben estar atentas a los s\u00edntomas y si ven que pasan por varios m\u00e9dicos y ninguno encuentra la causa, se debe contemplar la posibilidad de que se trate de algo neurol\u00f3gico\u00bb, se\u00f1al\u00f3.<\/p>\n<p>La ELA, que compromete la neurona motora superior e inferior, tiene una incidencia anual que oscila entre 0.31 y 3.2 cada 100 mil habitantes y una prevalencia de entre 0.8 y 8.5 casos, seg\u00fan un estudio realizado en la Ciudad de Buenos Aires y presentado recientemente por la Sociedad Neurol\u00f3gica Argentina (SNA).<\/p>\n<p>El estudio, que se hizo entre 2012 y 2013, evalu\u00f3 las historias cl\u00ednicas de 103 pacientes, y revel\u00f3 que el promedio de edad de los pacientes con ELA es de 63.7 a\u00f1os y que el 53,4 por ciento son hombres.<\/p>\n<p>Adem\u00e1s, mostr\u00f3 que s\u00f3lo el 2 por ciento de los enfermos pose\u00eda antecedentes familiares y que cerca del 15 por ciento hab\u00ed\u00ada vivido en un lugar rural, situaci\u00f3n que podr\u00ed\u00ada aumentar el riesgo de adquirir la patolog\u00eda.<\/p>\n<p>Sobre la localizaci\u00f3n inicial de la ELA, el 38,8 por ciento refiri\u00f3 a los miembros inferiores y el 25,2 por ciento a los miembros superiores, mientras que el resto indic\u00f3 un inicio \u00abgeneralizado\u00bb sin localizaci\u00f3n clara.<\/p>\n<p>\u00abAunque no contamos con estudios a nivel nacional, sabemos que las estimaciones en Europa y Estados Unidos son de cuatro o cinco casos anuales por cada 100 mil habitantes, por lo que creemos que en la Argentina y en funci\u00f3n de los estudios epidemiol\u00f3gicos que tenemos, como el de la SNA, estar\u00edamos en el mismo promedio\u00bb, detall\u00f3 Rodr\u00edguez.<\/p>\n<p>Si bien se est\u00e1 investigando sobre la ELA en vari\u00adas l\u00ed\u00adneas (como la gen\u00e9tica, el uso de c\u00e9lulas madre, el tratamiento sintom\u00e1tico y la epidemiolog\u00ed\u00ada), no existe a\u00fan una cura para la enfermedad.<\/p>\n<p>Adem\u00e1s existen grandes dificultades en la fase del diagn\u00f3stico, lo que demora el inicio del tratamiento de un a\u00f1o a un a\u00f1o y medio.<\/p>\n<p>\u00abEs fundamental promover mayores investigaciones para dar con nuevos y mejores tratamientos, as\u00ed como tambi\u00e9n es indispensable profundizar en la obtenci\u00f3n de datos epidemiol\u00f3gicos en la Argentina para sugerir pol\u00ed\u00adticas de salud que mejoren la calidad de vida de los pacientes\u00bb, advirtieron desde la SNA.<\/p>\n<p>En la actualidad el tratamiento de la enfermedad radica en \u00abuna droga que retrasa modestamente su evoluci\u00f3n, y otras drogas para manejar los s\u00edntomas como analg\u00e9sicos, drogas para la espasticidad o para mejorar los calambres\u00bb, detall\u00f3 Rodr\u00edguez.<\/p>\n<p>Tambi\u00e9n se puede \u00abmejorar la nutrici\u00f3n del enfermo y si le cuesta tragar se indica rehabilitaci\u00f3n fonodeglutoria o la colocaci\u00f3n de una gastrostom\u00eda, y por \u00faltimo se puede mejorar la respiraci\u00f3n con kinesiolog\u00eda o controles neumonol\u00f3gicos\u00bb, se\u00f1al\u00f3.<\/p>\n<p>\u00abEsos tratamientos mejoran la calidad de vida del paciente, pero se trata de una enfermedad para la que a\u00fan no hay cura, por lo que se debe estar atento a los s\u00edntomas para hacer la consulta pertinente lo antes posible\u00bb, subray\u00f3.<\/p>\n","protected":false},"excerpt":{"rendered":"<p>Dificultad en el habla o al comer, calambres y debilidad en piernas, brazos y manos son s\u00edntomas de la Esclerosis Lateral Amiotr\u00f3fica (ELA), una enfermedad de causa desconocida que afecta hasta a 5 de cada 100.000 habitantes al a\u00f1o en Argentina, por lo que especialistas alertaron a la poblaci\u00f3n para diagnosticarla a tiempo. \u00abLa ELA&hellip;<\/p>\n","protected":false},"author":1,"featured_media":0,"comment_status":"open","ping_status":"open","sticky":false,"template":"","format":"standard","meta":{"footnotes":""},"categories":[23],"tags":[19063,19061,19062,19064],"class_list":["post-43598","post","type-post","status-publish","format-standard","hentry","category-salud","tag-disnea","tag-ela","tag-esclerosis-lateral-amiotrofica","tag-sna"],"_links":{"self":[{"href":"https:\/\/www.elsindical.com.ar\/notas\/wp-json\/wp\/v2\/posts\/43598","targetHints":{"allow":["GET"]}}],"collection":[{"href":"https:\/\/www.elsindical.com.ar\/notas\/wp-json\/wp\/v2\/posts"}],"about":[{"href":"https:\/\/www.elsindical.com.ar\/notas\/wp-json\/wp\/v2\/types\/post"}],"author":[{"embeddable":true,"href":"https:\/\/www.elsindical.com.ar\/notas\/wp-json\/wp\/v2\/users\/1"}],"replies":[{"embeddable":true,"href":"https:\/\/www.elsindical.com.ar\/notas\/wp-json\/wp\/v2\/comments?post=43598"}],"version-history":[{"count":1,"href":"https:\/\/www.elsindical.com.ar\/notas\/wp-json\/wp\/v2\/posts\/43598\/revisions"}],"predecessor-version":[{"id":43600,"href":"https:\/\/www.elsindical.com.ar\/notas\/wp-json\/wp\/v2\/posts\/43598\/revisions\/43600"}],"wp:attachment":[{"href":"https:\/\/www.elsindical.com.ar\/notas\/wp-json\/wp\/v2\/media?parent=43598"}],"wp:term":[{"taxonomy":"category","embeddable":true,"href":"https:\/\/www.elsindical.com.ar\/notas\/wp-json\/wp\/v2\/categories?post=43598"},{"taxonomy":"post_tag","embeddable":true,"href":"https:\/\/www.elsindical.com.ar\/notas\/wp-json\/wp\/v2\/tags?post=43598"}],"curies":[{"name":"wp","href":"https:\/\/api.w.org\/{rel}","templated":true}]}}