{"id":43593,"date":"2014-06-22T03:06:02","date_gmt":"2014-06-22T06:06:02","guid":{"rendered":"http:\/\/www.elsindical.com.ar\/notas\/?p=43593"},"modified":"2014-06-22T03:06:02","modified_gmt":"2014-06-22T06:06:02","slug":"marcela-la-tigresa-acuna-culpo-al-intendente-curto-si-le-pasa-algo-a-mi-familia","status":"publish","type":"post","link":"https:\/\/www.elsindical.com.ar\/notas\/marcela-la-tigresa-acuna-culpo-al-intendente-curto-si-le-pasa-algo-a-mi-familia\/","title":{"rendered":"Marcela &#8216;la tigresa&#8217; Acu\u00f1a: \u00abCulpo al intendente Curto si le pasa algo a mi familia\u00bb"},"content":{"rendered":"<p><a href=\"http:\/\/www.elsindical.com.ar\/notas\/var\/www\/html\/notas\/wp-content\/uploads\/2014\/06\/denuncia-Tigresa-a-Curto.jpg\"><img loading=\"lazy\" decoding=\"async\" class=\"alignnone size-medium wp-image-43594\" src=\"http:\/\/www.elsindical.com.ar\/notas\/var\/www\/html\/notas\/wp-content\/uploads\/2014\/06\/denuncia-Tigresa-a-Curto-300x183.jpg\" alt=\"denuncia-Tigresa-a-Curto\" width=\"300\" height=\"183\" srcset=\"https:\/\/www.elsindical.com.ar\/notas\/var\/www\/html\/notas\/wp-content\/uploads\/2014\/06\/denuncia-Tigresa-a-Curto-300x183.jpg 300w, https:\/\/www.elsindical.com.ar\/notas\/var\/www\/html\/notas\/wp-content\/uploads\/2014\/06\/denuncia-Tigresa-a-Curto-490x300.jpg 490w, https:\/\/www.elsindical.com.ar\/notas\/var\/www\/html\/notas\/wp-content\/uploads\/2014\/06\/denuncia-Tigresa-a-Curto.jpg 531w\" sizes=\"auto, (max-width: 300px) 100vw, 300px\" \/><\/a>El hijo de la concejal fue perseguido por tres encapuchados armados que se movilizaban en una moto. Acu\u00f1a denunci\u00f3 que el episodio es un claro mensaje\u201d luego de su pase al Frente Renovador, y sostuvo que \u201clas cosas que pasan en Tres de Febrero casi nunca son hechos aislados\u201d.<\/p>\n<p>La concejal del massismo explic\u00f3 que el hecho sucedi\u00f3 pasadas las 16 horas del mi\u00e9rcoles cuando su hijo Josu\u00e9 se transportaba en su camioneta junto a su novia, y en la intersecci\u00f3n de Wenceslao de Tata y Potos\u00ed, a metros de su casa, \u201ctres encapuchados en una moto le muestran un arma, por lo que \u00e9l aceler\u00f3, choc\u00f3 contra un cami\u00f3n (municipal) en la esquina\u201d, y termin\u00f3 la evasiva en la Superintendencia de Drogas Peligrosas sobre la calle Jos\u00e9 Mar\u00eda Bosch.<\/p>\n<p>Ya en la dependencia policial, y luego de alertar a los oficiales, \u201cen la calle aparece uno de los tres delincuentes en la moto, que se par\u00f3 frente al comando, los mira, y se da a la fuga\u201d, explic\u00f3 la mujer.<\/p>\n<p>\u201cEs extra\u00f1o porque si te quieren robar y chocas, se dar\u00edan a la fuga, pero ellos lo siguieron\u201d, sostuvo Acu\u00f1a, y detall\u00f3 que, aparentemente entre los motochorros hab\u00eda una mujer, seg\u00fan se ve en las im\u00e1genes que captaron las c\u00e1maras de seguridad de su domicilio.<\/p>\n<p>La boxeadora sospecha que el episodio no fue un hecho delictivo, y afirm\u00f3 que \u201ces un claro mensaje\u201d, por lo que asegur\u00f3 que en el \u00fanico que piensa como autor intelectual \u201ces en el intendente\u201d Curto.<br \/>\n\u201cMas all\u00e1 de ser un apriete para amedrentarnos, el intendente dio un claro mensaje a la delincuencia sobre cu\u00e1nto cobraba yo por peleas, y que ten\u00eda un auto y una camioneta\u201d, consider\u00f3 la edil.<\/p>\n<p>\u201cCulpo al intendente por cualquier cosa que pueda pasarle a mi familia o a m\u00ed\u201d, advirti\u00f3 \u2018la tigresa\u2019, y agreg\u00f3: \u201cno puede ser que se amedrente u hostigue al que piensa diferente porque nos recuerda a tiempos muy feos que hemos vivido los argentinos\u201d.<\/p>\n<p>A pesar de las amenazas de grupos pol\u00edticos liderados por Juan Debandi manifestadas en la \u00faltima sesi\u00f3n del Concejo Deliberante, Marcela Acu\u00f1a asegur\u00f3 que seguir\u00e1 con su vida normalmente, y en referencia a lo acontecido en el HCD opin\u00f3 que \u201cfue lamentable lo sucedido; sab\u00eda que iba a ocurrir por eso no acud\u00ed, y por lo que quedaron embroncados porque el mensaje era tratar de hacerme sentir mal\u201d, por su paso al massismo.<\/p>\n<p>Asimismo, Acu\u00f1a cree que estas acciones \u201cson mensajes para compa\u00f1eros que est\u00e1n pensando en pasar al Frente Renovador\u201d, los que seg\u00fan la concejal, son muchos.<\/p>\n<p>\u201cCon lo que me pas\u00f3, de ahora en adelante puedo pensar cualquier cosa\u201d, exclam\u00f3 la edil, quien pidi\u00f3 a Dios que no \u201cse sume violencia institucional\u201d a la violencia social que se vive en el distrito, y finaliz\u00f3 denunciando que \u201clas cosas en Tres de Febrero casi nunca son hechos aislados\u201d.<iframe loading=\"lazy\" src=\"\/\/www.youtube.com\/embed\/EMD332sT3v4\" width=\"580\" height=\"420\" frameborder=\"0\" allowfullscreen=\"allowfullscreen\"><\/iframe><\/p>\n<p>&nbsp;<\/p>\n<p>Por Germ\u00e1n Marcucci<\/p>\n<p>Fuente: <a href=\"http:\/\/www.smnoticias.com\/\">SMnoticias<\/a><\/p>\n","protected":false},"excerpt":{"rendered":"<p>El hijo de la concejal fue perseguido por tres encapuchados armados que se movilizaban en una moto. Acu\u00f1a denunci\u00f3 que el episodio es un claro mensaje\u201d luego de su pase al Frente Renovador, y sostuvo que \u201clas cosas que pasan en Tres de Febrero casi nunca son hechos aislados\u201d. La concejal del massismo explic\u00f3 que&hellip;<\/p>\n","protected":false},"author":1,"featured_media":0,"comment_status":"open","ping_status":"open","sticky":false,"template":"","format":"standard","meta":{"footnotes":""},"categories":[6],"tags":[175,16445,19007,19060,10975],"class_list":["post-43593","post","type-post","status-publish","format-standard","hentry","category-denuncias","tag-denuncia","tag-frente-renovador","tag-hugo-curto","tag-marcela-acuna","tag-tres-de-febrero"],"_links":{"self":[{"href":"https:\/\/www.elsindical.com.ar\/notas\/wp-json\/wp\/v2\/posts\/43593","targetHints":{"allow":["GET"]}}],"collection":[{"href":"https:\/\/www.elsindical.com.ar\/notas\/wp-json\/wp\/v2\/posts"}],"about":[{"href":"https:\/\/www.elsindical.com.ar\/notas\/wp-json\/wp\/v2\/types\/post"}],"author":[{"embeddable":true,"href":"https:\/\/www.elsindical.com.ar\/notas\/wp-json\/wp\/v2\/users\/1"}],"replies":[{"embeddable":true,"href":"https:\/\/www.elsindical.com.ar\/notas\/wp-json\/wp\/v2\/comments?post=43593"}],"version-history":[{"count":1,"href":"https:\/\/www.elsindical.com.ar\/notas\/wp-json\/wp\/v2\/posts\/43593\/revisions"}],"predecessor-version":[{"id":43595,"href":"https:\/\/www.elsindical.com.ar\/notas\/wp-json\/wp\/v2\/posts\/43593\/revisions\/43595"}],"wp:attachment":[{"href":"https:\/\/www.elsindical.com.ar\/notas\/wp-json\/wp\/v2\/media?parent=43593"}],"wp:term":[{"taxonomy":"category","embeddable":true,"href":"https:\/\/www.elsindical.com.ar\/notas\/wp-json\/wp\/v2\/categories?post=43593"},{"taxonomy":"post_tag","embeddable":true,"href":"https:\/\/www.elsindical.com.ar\/notas\/wp-json\/wp\/v2\/tags?post=43593"}],"curies":[{"name":"wp","href":"https:\/\/api.w.org\/{rel}","templated":true}]}}