{"id":43591,"date":"2014-06-22T00:19:10","date_gmt":"2014-06-22T03:19:10","guid":{"rendered":"http:\/\/www.elsindical.com.ar\/notas\/?p=43591"},"modified":"2014-06-22T00:19:10","modified_gmt":"2014-06-22T03:19:10","slug":"efemeridesdel-dia-22-de-junio-5","status":"publish","type":"post","link":"https:\/\/www.elsindical.com.ar\/notas\/efemeridesdel-dia-22-de-junio-5\/","title":{"rendered":"EFEM\u00c9RIDES:DEL D\u00cdA 22 DE JUNIO"},"content":{"rendered":"<p><a href=\"http:\/\/www.elsindical.com.ar\/notas\/var\/www\/html\/notas\/wp-content\/uploads\/2010\/02\/Napole\u00f3n-Bonaparte.jpg\"><img loading=\"lazy\" decoding=\"async\" class=\"alignnone size-full wp-image-3984\" src=\"http:\/\/www.elsindical.com.ar\/notas\/var\/www\/html\/notas\/wp-content\/uploads\/2010\/02\/Napole\u00f3n-Bonaparte.jpg\" alt=\"Napole\u00f3n-Bonaparte\" width=\"148\" height=\"190\" \/><\/a>En otro 22 de junio, pero de 1973, regresa a la Tierra la tripulaci\u00f3n del \u00abSkylab\u00bb tras un vuelo espacial de 28 d\u00edas.<\/p>\n<p>1527- Muere Nicol\u00e1s Maquiavelo, pol\u00edtico y escritor italiano.<\/p>\n<p>1535- Muere en el pat\u00edbulo el obispo John Fisher, v\u00edctima de su oposici\u00f3n a Enrique VIII de Inglaterra.<\/p>\n<p>1815- Abdicaci\u00f3n de Napole\u00f3n Bonaparte, tras su derrota en Waterloo.<\/p>\n<p>1826- Apertura del Congreso Bolivariano, del que sali\u00f3 un Tratado de Uni\u00f3n entre Colombia, Centroam\u00e9rica, Per\u00fa y M\u00e9xico, que luego no dio los frutos esperados.<\/p>\n<p>1858- Nace Giacomo Puccini, compositor italiano.<\/p>\n<p>1898- Tropas estadounidenses desembarcan en Cuba y se produce la capitulaci\u00f3n de Santiago.<\/p>\n<p>1906- Nace Billy Wilder, cineasta estadounidense de origen austr\u00edaco en cuya filmograf\u00eda figuran t\u00edtulos como \u00abCon faldas y a lo loco\u00bb, \u00abEl apartamento\u00bb, \u00abPrimera plana\u00bb, \u00abD\u00edas sin huella\u00bb o \u00abPerdici\u00f3n\u00bb.<\/p>\n<p>1911- Coronaci\u00f3n de Jorge V de Inglaterra en Westminster.<\/p>\n<p>1918- I Guerra Mundial: la ofensiva alemana es detenida a 70 kil\u00f3metros de Par\u00eds por el general Mangin.<\/p>\n<p>1928- Jos\u00e9 Farabundo Mart\u00ed se incorpora al Ej\u00e9rcito Defensor de la Soberan\u00eda Nacional de Nicaragua de Augusto C\u00e9sar Sandino.<\/p>\n<p>1940- Francia firma el armisticio con Alemania en Compiegne.<\/p>\n<p>1941- II Guerra Mundial. Ej\u00e9rcitos alemanes, apoyados por finlandeses y rumanos, invaden la Uni\u00f3n Sovi\u00e9tica.<\/p>\n<p>1943- La aviaci\u00f3n aliada bombardea Rotterdam (Holanda).<\/p>\n<p>1944- Ofensiva sovi\u00e9tica contra los ej\u00e9rcitos alemanes del Centro.<\/p>\n<p>1949- Nace Meryl Streep, actriz estadounidense.<\/p>\n<p>1961- En el Congo, el general Mobutu libera a Mosh\u00e9 Tshombe, que se compromete a poner fin a la secesi\u00f3n de la provincia de Katanga.<\/p>\n<p>1965- Guerra de Vietnam: primer ataque a\u00e9reo estadounidense en el norte de Hanoi.<\/p>\n<p>1969- Muere Judy Garland, actriz y cantante estadounidense.<\/p>\n<p>1970- El Salvador y Honduras acuerdan crear una zona desmilitarizada de tres kil\u00f3metros a cada lado de la frontera.<\/p>\n<p>1971- El presidente Juan Jos\u00e9 Torres declara el estado de emergencia en Bolivia para impedir un golpe de Estado derechista.<\/p>\n<p>1980- La URSS inicia una retirada parcial de tropas en Afganist\u00e1n.<\/p>\n<p>1982- La Junta Militar argentina designa presidente de la Rep\u00fablica al general Reinaldo Bignone.<\/p>\n<p>1983- El matem\u00e1tico argentino Luis Antonio Santal\u00f3 obtiene el premio Pr\u00edncipe de Asturias de Investigaci\u00f3n Cient\u00edfica y T\u00e9cnica.<\/p>\n<p>1987- Muere Fred Astaire, bailar\u00edn y actor estadounidense.<\/p>\n<p>1988- En Barcelona, se consigue por primera vez en Espa\u00f1a el embarazo de una mujer sin ovarios.<\/p>\n<p>1989- El escritor mexicano Octavio Paz recibe el premio Alexis de Tocqueville de manos del presidente franc\u00e9s, Francois Mitterrand.<\/p>\n<p>1990- Desmantelado el Checkpoint Charlie, el m\u00e1s conocido punto de cruce en el Muro de Berl\u00edn.<\/p>\n<p>1994- Rusia firma su adhesi\u00f3n a la Asociaci\u00f3n para la Paz de la OTAN, como miembro n\u00famero 21.<\/p>\n<p>1999- Muere Eugenio Florit, poeta cubano.<\/p>\n<p>2002- Un se\u00edsmo de 6,0 grados Richter registrado en Qazvin (norte de Ir\u00e1n) causa al menos 230 muertos.<\/p>\n<p>2004- M\u00e1s de noventa muertos, la mayor\u00eda miembros de las fuerzas de seguridad, en un ataque de la guerrilla chechena en la Rep\u00fablica de Ingushetia.<\/p>\n<p>2006- Fallece Peter Russell, hispanista brit\u00e1nico.<\/p>\n<p>&#8211; El bailar\u00edn argentino Julio Bocca act\u00faa por \u00faltima vez en Nueva York (EEUU) con el American Ballet Theatre.<\/p>\n","protected":false},"excerpt":{"rendered":"<p>En otro 22 de junio, pero de 1973, regresa a la Tierra la tripulaci\u00f3n del \u00abSkylab\u00bb tras un vuelo espacial de 28 d\u00edas. 1527- Muere Nicol\u00e1s Maquiavelo, pol\u00edtico y escritor italiano. 1535- Muere en el pat\u00edbulo el obispo John Fisher, v\u00edctima de su oposici\u00f3n a Enrique VIII de Inglaterra. 1815- Abdicaci\u00f3n de Napole\u00f3n Bonaparte, tras&hellip;<\/p>\n","protected":false},"author":1,"featured_media":0,"comment_status":"open","ping_status":"open","sticky":false,"template":"","format":"standard","meta":{"footnotes":""},"categories":[14],"tags":[],"class_list":["post-43591","post","type-post","status-publish","format-standard","hentry","category-efemerides"],"_links":{"self":[{"href":"https:\/\/www.elsindical.com.ar\/notas\/wp-json\/wp\/v2\/posts\/43591","targetHints":{"allow":["GET"]}}],"collection":[{"href":"https:\/\/www.elsindical.com.ar\/notas\/wp-json\/wp\/v2\/posts"}],"about":[{"href":"https:\/\/www.elsindical.com.ar\/notas\/wp-json\/wp\/v2\/types\/post"}],"author":[{"embeddable":true,"href":"https:\/\/www.elsindical.com.ar\/notas\/wp-json\/wp\/v2\/users\/1"}],"replies":[{"embeddable":true,"href":"https:\/\/www.elsindical.com.ar\/notas\/wp-json\/wp\/v2\/comments?post=43591"}],"version-history":[{"count":1,"href":"https:\/\/www.elsindical.com.ar\/notas\/wp-json\/wp\/v2\/posts\/43591\/revisions"}],"predecessor-version":[{"id":43592,"href":"https:\/\/www.elsindical.com.ar\/notas\/wp-json\/wp\/v2\/posts\/43591\/revisions\/43592"}],"wp:attachment":[{"href":"https:\/\/www.elsindical.com.ar\/notas\/wp-json\/wp\/v2\/media?parent=43591"}],"wp:term":[{"taxonomy":"category","embeddable":true,"href":"https:\/\/www.elsindical.com.ar\/notas\/wp-json\/wp\/v2\/categories?post=43591"},{"taxonomy":"post_tag","embeddable":true,"href":"https:\/\/www.elsindical.com.ar\/notas\/wp-json\/wp\/v2\/tags?post=43591"}],"curies":[{"name":"wp","href":"https:\/\/api.w.org\/{rel}","templated":true}]}}