{"id":43583,"date":"2014-06-20T19:01:04","date_gmt":"2014-06-20T22:01:04","guid":{"rendered":"http:\/\/www.elsindical.com.ar\/notas\/?p=43583"},"modified":"2014-06-20T19:01:04","modified_gmt":"2014-06-20T22:01:04","slug":"quilmesgrave-denuncia-al-hospital-materno-infantil-de-solano","status":"publish","type":"post","link":"https:\/\/www.elsindical.com.ar\/notas\/quilmesgrave-denuncia-al-hospital-materno-infantil-de-solano\/","title":{"rendered":"Quilmes:Grave denuncia al hospital materno infantil de Solano"},"content":{"rendered":"<p><em><a href=\"http:\/\/www.elsindical.com.ar\/notas\/var\/www\/html\/notas\/wp-content\/uploads\/2014\/06\/Hospital-materno-de-Solano.jpg\"><img loading=\"lazy\" decoding=\"async\" class=\"alignnone size-medium wp-image-43584\" src=\"http:\/\/www.elsindical.com.ar\/notas\/var\/www\/html\/notas\/wp-content\/uploads\/2014\/06\/Hospital-materno-de-Solano-300x150.jpg\" alt=\"Hospital-materno-de-Solano\" width=\"300\" height=\"150\" srcset=\"https:\/\/www.elsindical.com.ar\/notas\/var\/www\/html\/notas\/wp-content\/uploads\/2014\/06\/Hospital-materno-de-Solano-300x150.jpg 300w, https:\/\/www.elsindical.com.ar\/notas\/var\/www\/html\/notas\/wp-content\/uploads\/2014\/06\/Hospital-materno-de-Solano-500x250.jpg 500w, https:\/\/www.elsindical.com.ar\/notas\/var\/www\/html\/notas\/wp-content\/uploads\/2014\/06\/Hospital-materno-de-Solano.jpg 502w\" sizes=\"auto, (max-width: 300px) 100vw, 300px\" \/><\/a>Una embarazada sent\u00eda dolores y en el hospital Eduardo Oller le dijeron que era normal: su beb\u00e9 muri\u00f3 por no realizarle una ces\u00e1rea.<\/em><\/p>\n<p>Una mujer de 33 a\u00f1os de edad lleg\u00f3 el lunes 09 de junio al hospital de San Francisco Solano ubicado en calle 844 entre 893 y 892 porque sent\u00eda muchos dolores en su vientre.<\/p>\n<p>Esta se\u00f1ora llevaba un embarazo pasado en 2 semanas de su fecha probable de parto y solicit\u00f3 si podr\u00edan realizarle al menos una ces\u00e1rea, con lo que le respondieron que no porque \u201cpor su sobrepeso el beb\u00e9 deb\u00eda nacer de manera natural\u201d.<\/p>\n<p>Al siguiente d\u00eda, martes por la noche, volvi\u00f3 porque los dolores eran mayores y ya no sent\u00eda los movimientos de la criatura, por lo que le practicaron una ecograf\u00eda. Posterior a eso, los m\u00e9dicos decidieron intervenirla quir\u00fargicamente y se encontraron con que el beb\u00e9 hab\u00eda fallecido producto de un ahogamiento con el l\u00edquido amni\u00f3tico.<\/p>\n","protected":false},"excerpt":{"rendered":"<p>Una embarazada sent\u00eda dolores y en el hospital Eduardo Oller le dijeron que era normal: su beb\u00e9 muri\u00f3 por no realizarle una ces\u00e1rea. Una mujer de 33 a\u00f1os de edad lleg\u00f3 el lunes 09 de junio al hospital de San Francisco Solano ubicado en calle 844 entre 893 y 892 porque sent\u00eda muchos dolores en&hellip;<\/p>\n","protected":false},"author":1,"featured_media":0,"comment_status":"open","ping_status":"open","sticky":false,"template":"","format":"standard","meta":{"footnotes":""},"categories":[6],"tags":[361,19057,684,1535],"class_list":["post-43583","post","type-post","status-publish","format-standard","hentry","category-denuncias","tag-bebe","tag-hospital-eduardo-oller","tag-quilmes","tag-solano"],"_links":{"self":[{"href":"https:\/\/www.elsindical.com.ar\/notas\/wp-json\/wp\/v2\/posts\/43583","targetHints":{"allow":["GET"]}}],"collection":[{"href":"https:\/\/www.elsindical.com.ar\/notas\/wp-json\/wp\/v2\/posts"}],"about":[{"href":"https:\/\/www.elsindical.com.ar\/notas\/wp-json\/wp\/v2\/types\/post"}],"author":[{"embeddable":true,"href":"https:\/\/www.elsindical.com.ar\/notas\/wp-json\/wp\/v2\/users\/1"}],"replies":[{"embeddable":true,"href":"https:\/\/www.elsindical.com.ar\/notas\/wp-json\/wp\/v2\/comments?post=43583"}],"version-history":[{"count":1,"href":"https:\/\/www.elsindical.com.ar\/notas\/wp-json\/wp\/v2\/posts\/43583\/revisions"}],"predecessor-version":[{"id":43585,"href":"https:\/\/www.elsindical.com.ar\/notas\/wp-json\/wp\/v2\/posts\/43583\/revisions\/43585"}],"wp:attachment":[{"href":"https:\/\/www.elsindical.com.ar\/notas\/wp-json\/wp\/v2\/media?parent=43583"}],"wp:term":[{"taxonomy":"category","embeddable":true,"href":"https:\/\/www.elsindical.com.ar\/notas\/wp-json\/wp\/v2\/categories?post=43583"},{"taxonomy":"post_tag","embeddable":true,"href":"https:\/\/www.elsindical.com.ar\/notas\/wp-json\/wp\/v2\/tags?post=43583"}],"curies":[{"name":"wp","href":"https:\/\/api.w.org\/{rel}","templated":true}]}}