{"id":4358,"date":"2010-03-09T15:41:49","date_gmt":"2010-03-09T18:41:49","guid":{"rendered":"http:\/\/www.elsindical.com.ar\/notas\/?p=4358"},"modified":"2010-03-09T15:44:55","modified_gmt":"2010-03-09T18:44:55","slug":"4358","status":"publish","type":"post","link":"https:\/\/www.elsindical.com.ar\/notas\/4358\/","title":{"rendered":"El juez federal acept\u00f3 la eximici\u00f3n de prisi\u00f3n del baterista de Callejeros"},"content":{"rendered":"<p style=\"text-align: justify;\"><em><a href=\"http:\/\/www.elsindical.com.ar\/notas\/var\/www\/html\/notas\/wp-content\/uploads\/2010\/03\/Eduardo-V\u00e1zquez.jpg\"><img loading=\"lazy\" decoding=\"async\" class=\"alignleft size-full wp-image-4359\" title=\"Eduardo-V\u00e1zquez\" src=\"http:\/\/www.elsindical.com.ar\/notas\/var\/www\/html\/notas\/wp-content\/uploads\/2010\/03\/Eduardo-V\u00e1zquez.jpg\" alt=\"\" width=\"227\" height=\"172\" \/><\/a>La decisi\u00f3n la adopt\u00f3 el juez Canicoba Corral, tras haber aceptado la presentaci\u00f3n que realiz\u00f3 el abogado de Eduardo V\u00e1zquez, Mart\u00edn Guti\u00e9rrez, a cambio de evitar que quede preso, confirmaron fuentes judiciales. El m\u00fasico deber\u00e1 pagar 5.000 pesos.<\/em><\/p>\n<p style=\"text-align: justify;\">El juez federal Rodolfo Canicoba Corral le otorg\u00f3 hoy\u00a0al baterista de Callejeros Eduardo V\u00e1zquez <strong>el beneficio de la eximici\u00f3n\u00a0de prisi\u00f3n <\/strong>en el marco de la investigaci\u00f3n por supuesta violaci\u00f3n a la ley de estupefacientes.<\/p>\n<p><strong>La denuncia se produjo\u00a0luego de encontrarse una planta de\u00a0marihuana\u00a0en su domicilio de Mataderos, el mi\u00e9rcoles 10 de febrero, tras un allanamiento debido a la causa que se investiga en forma paralela por\u00a0la muerte de su esposa Wanda Taddei, ocurrida el 21 de ese mes. <\/strong><br \/>\n<strong><\/strong><br \/>\nFuentes judiciales se\u00f1alaron\u00a0que el magistrado otorg\u00f3 el beneficio bajo una cauci\u00f3n juratoria de 5.000 pesos. Es decir que para no quedar detenido, V\u00e1zquez deber\u00e1 depositar ese monto o el equivalente a la disposici\u00f3n del juzgado.<\/p>\n<p>Una vez depositada la cauci\u00f3n o la garant\u00eda de la misma, el juez<strong> levantar\u00e1 el pedido de captura existente contra el acusado.<\/strong><\/p>\n<p style=\"text-align: justify;\">De esta forma, <strong>V\u00e1zquez podr\u00e1 a presentarse a declarar ante el juez y no correr\u00e1 riesgo de quedar detenido por\u00a0esa investigaci\u00f3n.<\/strong><\/p>\n<p style=\"text-align: justify;\">Esta causa se origin\u00f3 a ra\u00edz de un allanamiento que se realiz\u00f3 en su domicilio en el marco de la causa por la muerte de su mujer Wanda Taddei, quien luego de una fuerte discusi\u00f3n se prendi\u00f3 fuego en circunstancias que a\u00fan no fueron aclaradas.<\/p>\n<p style=\"text-align: justify;\">D\u00edas despu\u00e9s, su esposa falleci\u00f3 como consecuencia\u00a0de las graves quemaduras que sufri\u00f3.<\/p>\n<p style=\"text-align: justify;\">En ese allanamiento fue encontrada una planta de marihuana pr\u00f3xima al dormitorio de los hijos peque\u00f1os de Wanda y una cajita con picadura de esa sustancia, seg\u00fan indicaron las fuentes.<\/p>\n<p style=\"text-align: justify;\"><strong>A pesar de que el delito es excarcelable, el juez le hab\u00eda dictado la orden de captura debido a que V\u00e1zquez no se hab\u00eda presentado a declarar en dos oportunidades en las que fue citado.<\/strong><\/p>\n","protected":false},"excerpt":{"rendered":"<p>La decisi\u00f3n la adopt\u00f3 el juez Canicoba Corral, tras haber aceptado la presentaci\u00f3n que realiz\u00f3 el abogado de Eduardo V\u00e1zquez, Mart\u00edn Guti\u00e9rrez, a cambio de evitar que quede preso, confirmaron fuentes judiciales. El m\u00fasico deber\u00e1 pagar 5.000 pesos. El juez federal Rodolfo Canicoba Corral le otorg\u00f3 hoy\u00a0al baterista de Callejeros Eduardo V\u00e1zquez el beneficio de&hellip;<\/p>\n","protected":false},"author":1,"featured_media":0,"comment_status":"open","ping_status":"open","sticky":false,"template":"","format":"standard","meta":{"footnotes":""},"categories":[20],"tags":[2262,1816,628,189,2263,629],"class_list":["post-4358","post","type-post","status-publish","format-standard","hentry","category-judiciales","tag-canicoba-corral","tag-eduardo-vazquez","tag-eximicion","tag-juez","tag-martin-gutierrez","tag-prision"],"_links":{"self":[{"href":"https:\/\/www.elsindical.com.ar\/notas\/wp-json\/wp\/v2\/posts\/4358","targetHints":{"allow":["GET"]}}],"collection":[{"href":"https:\/\/www.elsindical.com.ar\/notas\/wp-json\/wp\/v2\/posts"}],"about":[{"href":"https:\/\/www.elsindical.com.ar\/notas\/wp-json\/wp\/v2\/types\/post"}],"author":[{"embeddable":true,"href":"https:\/\/www.elsindical.com.ar\/notas\/wp-json\/wp\/v2\/users\/1"}],"replies":[{"embeddable":true,"href":"https:\/\/www.elsindical.com.ar\/notas\/wp-json\/wp\/v2\/comments?post=4358"}],"version-history":[{"count":2,"href":"https:\/\/www.elsindical.com.ar\/notas\/wp-json\/wp\/v2\/posts\/4358\/revisions"}],"predecessor-version":[{"id":4361,"href":"https:\/\/www.elsindical.com.ar\/notas\/wp-json\/wp\/v2\/posts\/4358\/revisions\/4361"}],"wp:attachment":[{"href":"https:\/\/www.elsindical.com.ar\/notas\/wp-json\/wp\/v2\/media?parent=4358"}],"wp:term":[{"taxonomy":"category","embeddable":true,"href":"https:\/\/www.elsindical.com.ar\/notas\/wp-json\/wp\/v2\/categories?post=4358"},{"taxonomy":"post_tag","embeddable":true,"href":"https:\/\/www.elsindical.com.ar\/notas\/wp-json\/wp\/v2\/tags?post=4358"}],"curies":[{"name":"wp","href":"https:\/\/api.w.org\/{rel}","templated":true}]}}