{"id":43564,"date":"2014-06-20T00:25:07","date_gmt":"2014-06-20T03:25:07","guid":{"rendered":"http:\/\/www.elsindical.com.ar\/notas\/?p=43564"},"modified":"2014-06-20T00:25:07","modified_gmt":"2014-06-20T03:25:07","slug":"efemeridesdel-dia-20-de-junio-5","status":"publish","type":"post","link":"https:\/\/www.elsindical.com.ar\/notas\/efemeridesdel-dia-20-de-junio-5\/","title":{"rendered":"EFEM\u00c9RIDES:DEL D\u00cdA 20 DE JUNIO"},"content":{"rendered":"<p><a href=\"http:\/\/www.elsindical.com.ar\/notas\/var\/www\/html\/notas\/wp-content\/uploads\/2011\/02\/Manuel-Belgrano-y-la-bander.jpg\"><img loading=\"lazy\" decoding=\"async\" class=\"alignnone size-medium wp-image-12702\" src=\"http:\/\/www.elsindical.com.ar\/notas\/var\/www\/html\/notas\/wp-content\/uploads\/2011\/02\/Manuel-Belgrano-y-la-bander-226x300.jpg\" alt=\"Manuel-Belgrano-y-la-bander\" width=\"226\" height=\"300\" srcset=\"https:\/\/www.elsindical.com.ar\/notas\/var\/www\/html\/notas\/wp-content\/uploads\/2011\/02\/Manuel-Belgrano-y-la-bander-226x300.jpg 226w, https:\/\/www.elsindical.com.ar\/notas\/var\/www\/html\/notas\/wp-content\/uploads\/2011\/02\/Manuel-Belgrano-y-la-bander.jpg 295w\" sizes=\"auto, (max-width: 226px) 100vw, 226px\" \/><\/a>En un veinte de junio, pero de 1814, finaliza la dominaci\u00f3n espa\u00f1ola en el R\u00edo de la Plata con la capitulaci\u00f3n de Montevideo.<\/p>\n<p>1789- Juramento del Juego de Pelota, precursor inmediato de la Revoluci\u00f3n Francesa.<\/p>\n<p>1811- Movimiento de independencia en Per\u00fa. Las fuerzas acaudilladas por Francisco Antonio de Zela son derrotadas por las del general espa\u00f1ol Manuel Goyeneche.<\/p>\n<p>1819- Nace Jacques Offenbach, compositor franc\u00e9s de origen alem\u00e1n.<\/p>\n<p>1820- Muere Manuel Belgrano, uno de los h\u00e9roes de la independencia de Argentina y creador de la bandera nacional.<\/p>\n<p>1847- Fallece Juan Larrea, creador de la primera escuadra argentina.<\/p>\n<p>1855- El aventurero estadounidense Guillermo Walker, que se hab\u00eda hecho due\u00f1o de la situaci\u00f3n en Nicaragua, nombra presidente de aquella rep\u00fablica a su amigo Ferm\u00edn Ferrer.<\/p>\n<p>1860- Tras la batalla de Malazzo, en Sicilia, Garibaldi se adue\u00f1a de la isla, a excepci\u00f3n de la ciudad de Messina.<\/p>\n<p>1870- Muere Jules Goncourt, escritor franc\u00e9s.<\/p>\n<p>1895- Honduras, Nicaragua y El Salvador constituyen, mediante la firma del pacto de Amapala, la mayor rep\u00fablica de Centroam\u00e9rica.<\/p>\n<p>1898- Guerra entre Estados Unidos y Espa\u00f1a. Un buque estadounidense se apodera del archipi\u00e9lago de las Marianas, posesi\u00f3n espa\u00f1ola.<\/p>\n<p>1900- Rebeli\u00f3n boxer en China contra los extranjeros: asesinato del embajador alem\u00e1n, Klemens von Ketteler, en Pek\u00edn, y asedio a las delegaciones extranjeras durante 55 d\u00edas.<\/p>\n<p>1909- Nace Errol Flynn, actor estadounidense.<\/p>\n<p>1923- Fuerte erupci\u00f3n del volc\u00e1n Etna en la isla de Sicilia.<\/p>\n<p>1928- Nace Jean Marie Le Pen, pol\u00edtico ultraderechista franc\u00e9s.<\/p>\n<p>1937- Tres pilotos sovi\u00e9ticos sobrevuelan el Polo Norte, en un viaje que va de Mosc\u00fa a Vancouver.<\/p>\n<p>1946- Nace Jos\u00e9 Alexandre \u00abXanana\u00bb Gusmao, primer ministro de Timor Oriental.<\/p>\n<p>1948- El marco alem\u00e1n sustituye al \u00abreichsmark\u00bb, la moneda del Imperio.<\/p>\n<p>1951- Las autoridades iran\u00edes confiscan las instalaciones petrol\u00edferas de Abad\u00e1n.<\/p>\n<p>1956- Declaraci\u00f3n ruso-yugoslava en Mosc\u00fa, que recoge las ideas de Tito sobre la pluralidad de v\u00edas hacia el socialismo.<\/p>\n<p>1963- Acuerdo en Ginebra para establecer el \u00abtel\u00e9fono rojo\u00bb, con el fin de mantener una comunicaci\u00f3n directa y r\u00e1pida entre la URSS y EEUU en caso de conflicto entre ambas potencias.<\/p>\n<p>1967- Nace Nicole Kidman, actriz australiana.<\/p>\n<p>1972- Lanzamiento al espacio de la nave espacial estadounidense Pioneer-10, que 21 a\u00f1os despu\u00e9s hab\u00eda sobrepasado la \u00f3rbita de Plut\u00f3n y recorrido 10.000 millones de kil\u00f3metros.<\/p>\n<p>1984- Otelo Saraiva de Carvalho, estratega de la revoluci\u00f3n portuguesa del 25 de abril de 1974, es detenido, tras ser acusado de dirigir un grupo terrorista.<\/p>\n<p>&#8211; Toma posesi\u00f3n como secretario general de la OEA el diplom\u00e1tico brasile\u00f1o Joao Clemente Baena Soares.<\/p>\n<p>1988- El presidente de Hait\u00ed, Leslie Manigat, es derrocado por un golpe militar dirigido por el general Henri Namphy.<\/p>\n<p>1991- Berl\u00edn vuelve a ser capital de Alemania, 43 a\u00f1os despu\u00e9s de haber perdido tal condici\u00f3n, y sede del Gobierno federal y del Parlamento por decisi\u00f3n de \u00e9ste.<\/p>\n<p>1992- Se promulga la nueva Constituci\u00f3n de Paraguay, que deroga la redactada durante la dictadura de Alfredo Stroessner.<\/p>\n<p>1993- Un tren de alta velocidad atraviesa por primera vez el canal de la Mancha por el t\u00fanel submarino que une Francia con Gran Breta\u00f1a, en 2,30 horas.<\/p>\n<p>1995- Fallece Emile Michel Cioran, escritor y fil\u00f3sofo nihilista rumano.<\/p>\n<p>1996- Muere Walter Guevara Arce, ex presidente de Bolivia.<\/p>\n<p>1999- La OTAN anuncia el cese definitivo y con efecto inmediato de la campa\u00f1a a\u00e9rea contra Yugoslavia, suspendida diez d\u00edas antes, tras comprobar el repliegue total de los efectivos serbios de Kosovo.<\/p>\n<p>2001- Beirut amanece sin la presencia de las tropas sirias por primera vez en 25 a\u00f1os.<\/p>\n<p>&#8211; El general Pervez Musharraf jura su cargo como presidente de Pakist\u00e1n, tras dirigir durante 20 meses el r\u00e9gimen militar que impuso en 1999.<\/p>\n<p>2002- El Gobierno uruguayo deja en libre flotaci\u00f3n al peso y abandona el sistema de bandas cambiarias mantenido durante 20 a\u00f1os.<\/p>\n<p>&#8211; Fallece Erwin Chargaff, bioqu\u00edmico estadounidense de origen austr\u00edaco.<\/p>\n<p>2005- Muere Jack Kilby, ingeniero estadounidense y premio nobel de F\u00edsica 2000.<\/p>\n<p>&#8211; Fallece Larry Collins, escritor y periodista estadounidense.<\/p>\n<p>2007- Muere Antonio Aguilar, cantante mexicano.<\/p>\n<p>2010- Juan Manuel Santos, del oficialista Partido de La U, gana las elecciones presidenciales en Colombia con el 69 % de los votos, frente al 27,5 % de Antanas Mockus, del Partido Verde.<\/p>\n","protected":false},"excerpt":{"rendered":"<p>En un veinte de junio, pero de 1814, finaliza la dominaci\u00f3n espa\u00f1ola en el R\u00edo de la Plata con la capitulaci\u00f3n de Montevideo. 1789- Juramento del Juego de Pelota, precursor inmediato de la Revoluci\u00f3n Francesa. 1811- Movimiento de independencia en Per\u00fa. Las fuerzas acaudilladas por Francisco Antonio de Zela son derrotadas por las del general&hellip;<\/p>\n","protected":false},"author":1,"featured_media":0,"comment_status":"open","ping_status":"open","sticky":false,"template":"","format":"standard","meta":{"footnotes":""},"categories":[14],"tags":[],"class_list":["post-43564","post","type-post","status-publish","format-standard","hentry","category-efemerides"],"_links":{"self":[{"href":"https:\/\/www.elsindical.com.ar\/notas\/wp-json\/wp\/v2\/posts\/43564","targetHints":{"allow":["GET"]}}],"collection":[{"href":"https:\/\/www.elsindical.com.ar\/notas\/wp-json\/wp\/v2\/posts"}],"about":[{"href":"https:\/\/www.elsindical.com.ar\/notas\/wp-json\/wp\/v2\/types\/post"}],"author":[{"embeddable":true,"href":"https:\/\/www.elsindical.com.ar\/notas\/wp-json\/wp\/v2\/users\/1"}],"replies":[{"embeddable":true,"href":"https:\/\/www.elsindical.com.ar\/notas\/wp-json\/wp\/v2\/comments?post=43564"}],"version-history":[{"count":1,"href":"https:\/\/www.elsindical.com.ar\/notas\/wp-json\/wp\/v2\/posts\/43564\/revisions"}],"predecessor-version":[{"id":43565,"href":"https:\/\/www.elsindical.com.ar\/notas\/wp-json\/wp\/v2\/posts\/43564\/revisions\/43565"}],"wp:attachment":[{"href":"https:\/\/www.elsindical.com.ar\/notas\/wp-json\/wp\/v2\/media?parent=43564"}],"wp:term":[{"taxonomy":"category","embeddable":true,"href":"https:\/\/www.elsindical.com.ar\/notas\/wp-json\/wp\/v2\/categories?post=43564"},{"taxonomy":"post_tag","embeddable":true,"href":"https:\/\/www.elsindical.com.ar\/notas\/wp-json\/wp\/v2\/tags?post=43564"}],"curies":[{"name":"wp","href":"https:\/\/api.w.org\/{rel}","templated":true}]}}