{"id":43561,"date":"2014-06-19T21:16:22","date_gmt":"2014-06-20T00:16:22","guid":{"rendered":"http:\/\/www.elsindical.com.ar\/notas\/?p=43561"},"modified":"2014-06-19T21:16:22","modified_gmt":"2014-06-20T00:16:22","slug":"eeuumiles-de-comentarios-femeninos-en-foto-de-criminal-detenido","status":"publish","type":"post","link":"https:\/\/www.elsindical.com.ar\/notas\/eeuumiles-de-comentarios-femeninos-en-foto-de-criminal-detenido\/","title":{"rendered":"EEUU:Miles de comentarios femeninos en foto de criminal detenido"},"content":{"rendered":"<p><em><a href=\"http:\/\/www.elsindical.com.ar\/notas\/var\/www\/html\/notas\/wp-content\/uploads\/2014\/06\/Jeremy-Meeks.jpg\"><img loading=\"lazy\" decoding=\"async\" class=\"alignnone size-medium wp-image-43562\" src=\"http:\/\/www.elsindical.com.ar\/notas\/var\/www\/html\/notas\/wp-content\/uploads\/2014\/06\/Jeremy-Meeks-300x265.jpg\" alt=\"Jeremy-Meeks\" width=\"300\" height=\"265\" srcset=\"https:\/\/www.elsindical.com.ar\/notas\/var\/www\/html\/notas\/wp-content\/uploads\/2014\/06\/Jeremy-Meeks-300x265.jpg 300w, https:\/\/www.elsindical.com.ar\/notas\/var\/www\/html\/notas\/wp-content\/uploads\/2014\/06\/Jeremy-Meeks-339x300.jpg 339w, https:\/\/www.elsindical.com.ar\/notas\/var\/www\/html\/notas\/wp-content\/uploads\/2014\/06\/Jeremy-Meeks.jpg 502w\" sizes=\"auto, (max-width: 300px) 100vw, 300px\" \/><\/a>Jeremy Meeks -de facciones marcadas, intensos ojos azules, pelo rapado e incipiente barba- logr\u00f3 12.200 \u00ablikes\u00bb y unos 3.000 comentarios que alaban su belleza adem\u00e1s de haber sido compartida 300 veces.<\/em><\/p>\n<p>Miles de mujeres inundaron este jueves la p\u00e1gina de Facebook del departamento de polic\u00eda de una ciudad de California (oeste de Estados Unidos) con comentarios lujuriosos sobre la fotograf\u00eda de un detenido que tiene aspecto de modelo profesional.<\/p>\n<p>Jeremy Meeks, de 30 a\u00f1os, fue uno de los cuatro hombres arrestados el mi\u00e9rcoles en la localidad de Stockton, situada en el Valle Central, como presuntos responsables de varios tiroteos y robos.<\/p>\n<p>La foto policial de Meeks -de facciones marcadas, intensos ojos azules, pelo rapado e incipiente barba- logr\u00f3 12.200 \u00ablikes\u00bb y unos 3.000 comentarios de mujeres que alaban su belleza, adem\u00e1s de haber sido compartida 300 veces en la red social.<\/p>\n<p>Michelle Asher Morales pregunt\u00f3: \u00ab\u00bfPodemos estar esposados juntos?\u00bb, mientras que Jessica Guti\u00e9rrez afirm\u00f3 \u00abpuede secuestrarme cuando quiera. Retenme en contra de mi voluntad\u00bb.<br \/>\nAmanda Sullivan dijo por su parte que se trataba de \u00abla foto policial m\u00e1s atractiva\u00bb que hab\u00eda visto hasta ahora.<\/p>\n<p>\u00abEsto demuestra que hay algunas personas que nunca se dedican a su potencial verdadero. Y la mayor\u00eda de nosotras nos dejamos enga\u00f1ar por una sonrisa y unos ojos bonitos\u00bb, a\u00f1adi\u00f3.<\/p>\n<p>Las fotos de los otros tres detenidos, tambi\u00e9n colgadas en el Facebook de la polic\u00eda de Stockton, s\u00f3lo sumaron 19 comentarios.<\/p>\n","protected":false},"excerpt":{"rendered":"<p>Jeremy Meeks -de facciones marcadas, intensos ojos azules, pelo rapado e incipiente barba- logr\u00f3 12.200 \u00ablikes\u00bb y unos 3.000 comentarios que alaban su belleza adem\u00e1s de haber sido compartida 300 veces. Miles de mujeres inundaron este jueves la p\u00e1gina de Facebook del departamento de polic\u00eda de una ciudad de California (oeste de Estados Unidos) con&hellip;<\/p>\n","protected":false},"author":1,"featured_media":0,"comment_status":"open","ping_status":"open","sticky":false,"template":"","format":"standard","meta":{"footnotes":""},"categories":[18],"tags":[141,219,19050],"class_list":["post-43561","post","type-post","status-publish","format-standard","hentry","category-internacionales","tag-eeuu","tag-facebook","tag-jeremy-meeks"],"_links":{"self":[{"href":"https:\/\/www.elsindical.com.ar\/notas\/wp-json\/wp\/v2\/posts\/43561","targetHints":{"allow":["GET"]}}],"collection":[{"href":"https:\/\/www.elsindical.com.ar\/notas\/wp-json\/wp\/v2\/posts"}],"about":[{"href":"https:\/\/www.elsindical.com.ar\/notas\/wp-json\/wp\/v2\/types\/post"}],"author":[{"embeddable":true,"href":"https:\/\/www.elsindical.com.ar\/notas\/wp-json\/wp\/v2\/users\/1"}],"replies":[{"embeddable":true,"href":"https:\/\/www.elsindical.com.ar\/notas\/wp-json\/wp\/v2\/comments?post=43561"}],"version-history":[{"count":1,"href":"https:\/\/www.elsindical.com.ar\/notas\/wp-json\/wp\/v2\/posts\/43561\/revisions"}],"predecessor-version":[{"id":43563,"href":"https:\/\/www.elsindical.com.ar\/notas\/wp-json\/wp\/v2\/posts\/43561\/revisions\/43563"}],"wp:attachment":[{"href":"https:\/\/www.elsindical.com.ar\/notas\/wp-json\/wp\/v2\/media?parent=43561"}],"wp:term":[{"taxonomy":"category","embeddable":true,"href":"https:\/\/www.elsindical.com.ar\/notas\/wp-json\/wp\/v2\/categories?post=43561"},{"taxonomy":"post_tag","embeddable":true,"href":"https:\/\/www.elsindical.com.ar\/notas\/wp-json\/wp\/v2\/tags?post=43561"}],"curies":[{"name":"wp","href":"https:\/\/api.w.org\/{rel}","templated":true}]}}