{"id":43554,"date":"2014-06-19T14:32:54","date_gmt":"2014-06-19T17:32:54","guid":{"rendered":"http:\/\/www.elsindical.com.ar\/notas\/?p=43554"},"modified":"2014-06-19T14:32:54","modified_gmt":"2014-06-19T17:32:54","slug":"ofrecen-recompensa-por-penitenciaros-que-mataron-a-un-preso","status":"publish","type":"post","link":"https:\/\/www.elsindical.com.ar\/notas\/ofrecen-recompensa-por-penitenciaros-que-mataron-a-un-preso\/","title":{"rendered":"Ofrecen recompensa por penitenciaros que mataron a un preso"},"content":{"rendered":"<p><em><a href=\"http:\/\/www.elsindical.com.ar\/notas\/var\/www\/html\/notas\/wp-content\/uploads\/2014\/06\/penitenciarios-pr\u00f3fugos.jpg\"><img loading=\"lazy\" decoding=\"async\" class=\"alignnone size-medium wp-image-43556\" src=\"http:\/\/www.elsindical.com.ar\/notas\/var\/www\/html\/notas\/wp-content\/uploads\/2014\/06\/penitenciarios-pr\u00f3fugos-300x170.jpg\" alt=\"penitenciarios-pr\u00f3fugos\" width=\"300\" height=\"170\" srcset=\"https:\/\/www.elsindical.com.ar\/notas\/var\/www\/html\/notas\/wp-content\/uploads\/2014\/06\/penitenciarios-pr\u00f3fugos-300x170.jpg 300w, https:\/\/www.elsindical.com.ar\/notas\/var\/www\/html\/notas\/wp-content\/uploads\/2014\/06\/penitenciarios-pr\u00f3fugos-500x284.jpg 500w, https:\/\/www.elsindical.com.ar\/notas\/var\/www\/html\/notas\/wp-content\/uploads\/2014\/06\/penitenciarios-pr\u00f3fugos.jpg 531w\" sizes=\"auto, (max-width: 300px) 100vw, 300px\" \/><\/a>El ministerio de Seguridad bonaerense pagar\u00e1 100 mil pesos a quien aporte datos que permitan detener a dos guardias acusados de patear hasta la muerte a un recluso de San Mart\u00edn en 2012.<\/em><\/p>\n<p>El Ministerio de Seguridad bonaerense ofrece una recompensa de 100 mil pesos a quien aporte datos que permitan detener a dos guardias penitenciarios acusados de matar a patadas a un preso en una c\u00e1rcel de San Mart\u00edn en enero de 2012.<\/p>\n<p>Se trata de <b>Gerardo Rodolfo Luna y C\u00e9sar Ra\u00fal Ben\u00edtez<\/b>, quienes est\u00e1n acusados, junto a otros cuatro penitenciarios, de las torturas seguidas de muerte del preso <b>Patricio Jonathan Barros Cisneros<\/b>, el 28 de enero de 2012, cuando estaba alojado en la unidad 46 de San Mart\u00edn.<\/p>\n<p>En un principio, la versi\u00f3n oficial indicaba que Barros Cisneros se hab\u00eda \u00absuicidado\u00bb golpeando su cabeza contra las rejas de su calabozo despu\u00e9s de atacar a un guardia.<\/p>\n<p>Varios presos testificaron que en realidad<b>, los guardias hab\u00edan golpeado a Barros Cisneros porque \u00e9ste hab\u00eda reclamado un lugar adecuado para recibir a su esposa. <\/b><\/p>\n<p>Luna y Ben\u00edtez est\u00e1n pr\u00f3fugos, por lo que el Ministerio de Seguridad dispuso -seg\u00fan consta en la resoluci\u00f3n 728 publicada hoy en el Bolet\u00edn Oficial- ofrecer entre 20.000 y 100.000 pesos para quien ayude a lograr su captura.<\/p>\n<p>A partir de lo que declararon los detenidos que presenciaron la golpiza,<b> Luna est\u00e1 acusado de ser quien salt\u00f3 encima de Barros Cisneros, en tanto Ben\u00edtez lo tom\u00f3 del cuello para estrangularlo. <\/b><\/p>\n<p>Quienes posean informaci\u00f3n sobre el paradero de Volta podr\u00e1n aportarla, con reserva de identidad, ante las fiscal\u00edas generales de c\u00e1maras, la fiscal\u00eda 4 de Mor\u00f3n o ante la Direcci\u00f3n provincial de Registro de Personas Desaparecidas en La Plata.<\/p>\n","protected":false},"excerpt":{"rendered":"<p>El ministerio de Seguridad bonaerense pagar\u00e1 100 mil pesos a quien aporte datos que permitan detener a dos guardias acusados de patear hasta la muerte a un recluso de San Mart\u00edn en 2012. El Ministerio de Seguridad bonaerense ofrece una recompensa de 100 mil pesos a quien aporte datos que permitan detener a dos guardias&hellip;<\/p>\n","protected":false},"author":1,"featured_media":0,"comment_status":"open","ping_status":"open","sticky":false,"template":"","format":"standard","meta":{"footnotes":""},"categories":[22],"tags":[19047,19046,19048,19045,6036],"class_list":["post-43554","post","type-post","status-publish","format-standard","hentry","category-policiales","tag-cesar-raul-benitez","tag-gerardo-rodolfo-luna","tag-patricio-jonathan-barros-cisneros","tag-penitenciarios-profugos","tag-recompensa"],"_links":{"self":[{"href":"https:\/\/www.elsindical.com.ar\/notas\/wp-json\/wp\/v2\/posts\/43554","targetHints":{"allow":["GET"]}}],"collection":[{"href":"https:\/\/www.elsindical.com.ar\/notas\/wp-json\/wp\/v2\/posts"}],"about":[{"href":"https:\/\/www.elsindical.com.ar\/notas\/wp-json\/wp\/v2\/types\/post"}],"author":[{"embeddable":true,"href":"https:\/\/www.elsindical.com.ar\/notas\/wp-json\/wp\/v2\/users\/1"}],"replies":[{"embeddable":true,"href":"https:\/\/www.elsindical.com.ar\/notas\/wp-json\/wp\/v2\/comments?post=43554"}],"version-history":[{"count":2,"href":"https:\/\/www.elsindical.com.ar\/notas\/wp-json\/wp\/v2\/posts\/43554\/revisions"}],"predecessor-version":[{"id":43557,"href":"https:\/\/www.elsindical.com.ar\/notas\/wp-json\/wp\/v2\/posts\/43554\/revisions\/43557"}],"wp:attachment":[{"href":"https:\/\/www.elsindical.com.ar\/notas\/wp-json\/wp\/v2\/media?parent=43554"}],"wp:term":[{"taxonomy":"category","embeddable":true,"href":"https:\/\/www.elsindical.com.ar\/notas\/wp-json\/wp\/v2\/categories?post=43554"},{"taxonomy":"post_tag","embeddable":true,"href":"https:\/\/www.elsindical.com.ar\/notas\/wp-json\/wp\/v2\/tags?post=43554"}],"curies":[{"name":"wp","href":"https:\/\/api.w.org\/{rel}","templated":true}]}}