{"id":43528,"date":"2014-06-19T00:56:23","date_gmt":"2014-06-19T03:56:23","guid":{"rendered":"http:\/\/www.elsindical.com.ar\/notas\/?p=43528"},"modified":"2014-06-19T00:56:23","modified_gmt":"2014-06-19T03:56:23","slug":"ramos-mejiacayo-la-banda-de-la-picana","status":"publish","type":"post","link":"https:\/\/www.elsindical.com.ar\/notas\/ramos-mejiacayo-la-banda-de-la-picana\/","title":{"rendered":"Ramos Mej\u00eda:Cay\u00f3 \u00abLa Banda de la Picana\u00bb"},"content":{"rendered":"<p class=\"p1 newDetailTextChange\"><em><a href=\"http:\/\/www.elsindical.com.ar\/notas\/var\/www\/html\/notas\/wp-content\/uploads\/2014\/06\/cayo-la-banda-la-picana-ram.jpg\"><img loading=\"lazy\" decoding=\"async\" class=\"alignnone size-medium wp-image-43529\" src=\"http:\/\/www.elsindical.com.ar\/notas\/var\/www\/html\/notas\/wp-content\/uploads\/2014\/06\/cayo-la-banda-la-picana-ram-300x170.jpg\" alt=\"cayo-la-banda-la-picana-ram\" width=\"300\" height=\"170\" srcset=\"https:\/\/www.elsindical.com.ar\/notas\/var\/www\/html\/notas\/wp-content\/uploads\/2014\/06\/cayo-la-banda-la-picana-ram-300x170.jpg 300w, https:\/\/www.elsindical.com.ar\/notas\/var\/www\/html\/notas\/wp-content\/uploads\/2014\/06\/cayo-la-banda-la-picana-ram-500x283.jpg 500w, https:\/\/www.elsindical.com.ar\/notas\/var\/www\/html\/notas\/wp-content\/uploads\/2014\/06\/cayo-la-banda-la-picana-ram.jpg 502w\" sizes=\"auto, (max-width: 300px) 100vw, 300px\" \/><\/a>Cuatro delincuentes que integran esa organizaci\u00f3n criminal fueron detenidos tras m\u00faltiples operativos llevados a cabo en esa localidad del partido de La Matanza.<\/em><\/p>\n<p>Cuatro delincuentes, que integran una organizaci\u00f3n criminal conocida como \u00abLa Banda de la Picana\u00bb, fueron detenidos tras m\u00faltiples operativos llevados a cabo en la localidad de Ramos Mej\u00eda, partido de La Matanza.<\/p>\n<p class=\"p1 newDetailTextChange\">En los allanamientos, realizados por efectivos de la Departamental local, se\u00a0 secuestraron una picana el\u00e9ctrica, que era utilizada para torturar a sus v\u00edctimas, armas de fuego, droga, dinero en efectivo y elementos robados.<\/p>\n<p>La investigaci\u00f3n comenz\u00f3 tras un robo cometido el pasado 8 de mayo en una casa de Ramos Mej\u00eda, donde habr\u00edan participado los imputados, uno de las cuales es una mujer y otro es un joven de 17 a\u00f1os.<\/p>\n<p>Sin embargo, los investigadores sospechan que esta banda cometi\u00f3 otros hechos bajo la misma modalidad delictiva y que la mayor\u00eda de los detenidos tienen numerosos antecedentes.<\/p>\n<p>En los operativos se incautaron 100 dosis de pasta base, dos rev\u00f3lveres, una pistola, dinero en efectivo, alhajas, electrodom\u00e9sticos y objetos de valor presuntamente robados a sus v\u00edctimas.<\/p>\n<p>Interviene la UFI N 5 del Departamento Judicial de La Matanza.<\/p>\n","protected":false},"excerpt":{"rendered":"<p>Cuatro delincuentes que integran esa organizaci\u00f3n criminal fueron detenidos tras m\u00faltiples operativos llevados a cabo en esa localidad del partido de La Matanza. Cuatro delincuentes, que integran una organizaci\u00f3n criminal conocida como \u00abLa Banda de la Picana\u00bb, fueron detenidos tras m\u00faltiples operativos llevados a cabo en la localidad de Ramos Mej\u00eda, partido de La Matanza.&hellip;<\/p>\n","protected":false},"author":1,"featured_media":0,"comment_status":"open","ping_status":"open","sticky":false,"template":"","format":"standard","meta":{"footnotes":""},"categories":[22],"tags":[997,742,1401,30,1252],"class_list":["post-43528","post","type-post","status-publish","format-standard","hentry","category-policiales","tag-banda","tag-detenidos","tag-la-matanza","tag-policia","tag-ramos-mejia"],"_links":{"self":[{"href":"https:\/\/www.elsindical.com.ar\/notas\/wp-json\/wp\/v2\/posts\/43528","targetHints":{"allow":["GET"]}}],"collection":[{"href":"https:\/\/www.elsindical.com.ar\/notas\/wp-json\/wp\/v2\/posts"}],"about":[{"href":"https:\/\/www.elsindical.com.ar\/notas\/wp-json\/wp\/v2\/types\/post"}],"author":[{"embeddable":true,"href":"https:\/\/www.elsindical.com.ar\/notas\/wp-json\/wp\/v2\/users\/1"}],"replies":[{"embeddable":true,"href":"https:\/\/www.elsindical.com.ar\/notas\/wp-json\/wp\/v2\/comments?post=43528"}],"version-history":[{"count":1,"href":"https:\/\/www.elsindical.com.ar\/notas\/wp-json\/wp\/v2\/posts\/43528\/revisions"}],"predecessor-version":[{"id":43530,"href":"https:\/\/www.elsindical.com.ar\/notas\/wp-json\/wp\/v2\/posts\/43528\/revisions\/43530"}],"wp:attachment":[{"href":"https:\/\/www.elsindical.com.ar\/notas\/wp-json\/wp\/v2\/media?parent=43528"}],"wp:term":[{"taxonomy":"category","embeddable":true,"href":"https:\/\/www.elsindical.com.ar\/notas\/wp-json\/wp\/v2\/categories?post=43528"},{"taxonomy":"post_tag","embeddable":true,"href":"https:\/\/www.elsindical.com.ar\/notas\/wp-json\/wp\/v2\/tags?post=43528"}],"curies":[{"name":"wp","href":"https:\/\/api.w.org\/{rel}","templated":true}]}}