{"id":43524,"date":"2014-06-19T00:34:12","date_gmt":"2014-06-19T03:34:12","guid":{"rendered":"http:\/\/www.elsindical.com.ar\/notas\/?p=43524"},"modified":"2014-06-19T00:34:12","modified_gmt":"2014-06-19T03:34:12","slug":"mendozahacia-un-tramite-en-la-municipalidad-y-fue-asesinada-por-un-enfermo-mental","status":"publish","type":"post","link":"https:\/\/www.elsindical.com.ar\/notas\/mendozahacia-un-tramite-en-la-municipalidad-y-fue-asesinada-por-un-enfermo-mental\/","title":{"rendered":"Mendoza:Hac\u00eda un tr\u00e1mite en la municipalidad y fue asesinada por un enfermo mental"},"content":{"rendered":"<p><em><a href=\"http:\/\/www.elsindical.com.ar\/notas\/var\/www\/html\/notas\/wp-content\/uploads\/2014\/06\/Mar\u00eda-Paula-Giglio.jpg\"><img loading=\"lazy\" decoding=\"async\" class=\"alignnone size-medium wp-image-43526\" src=\"http:\/\/www.elsindical.com.ar\/notas\/var\/www\/html\/notas\/wp-content\/uploads\/2014\/06\/Mar\u00eda-Paula-Giglio-300x265.jpg\" alt=\"Mar\u00eda-Paula-Giglio\" width=\"300\" height=\"265\" srcset=\"https:\/\/www.elsindical.com.ar\/notas\/var\/www\/html\/notas\/wp-content\/uploads\/2014\/06\/Mar\u00eda-Paula-Giglio-300x265.jpg 300w, https:\/\/www.elsindical.com.ar\/notas\/var\/www\/html\/notas\/wp-content\/uploads\/2014\/06\/Mar\u00eda-Paula-Giglio-339x300.jpg 339w, https:\/\/www.elsindical.com.ar\/notas\/var\/www\/html\/notas\/wp-content\/uploads\/2014\/06\/Mar\u00eda-Paula-Giglio.jpg 502w\" sizes=\"auto, (max-width: 300px) 100vw, 300px\" \/><\/a>La v\u00edctima, una productora de radio de 33 a\u00f1os, fue atacada a pu\u00f1aladas \u00abal azar\u00bb por un joven con desequilibrios psiqui\u00e1tricos.\u00a0\u00a0\u00a0\u00a0\u00a0\u00a0\u00a0\u00a0\u00a0\u00a0\u00a0\u00a0\u00a0\u00a0\u00a0\u00a0\u00a0\u00a0\u00a0\u00a0\u00a0\u00a0\u00a0\u00a0\u00a0<\/em><\/p>\n<p>Una productora de radio de 33 a\u00f1os fue asesinada hoy a pu\u00f1aladas, cuando estaba haciendo un tr\u00e1mite en la Municipalidad de la localidad mendocina de San Carlos, por un joven con desequilibrios psiqui\u00e1tricos que la atac\u00f3 al azar, inform\u00f3 la polic\u00eda.<\/p>\n<p>El hecho se produjo cerca de las 11.30, cuando la mujer se encontraba haciendo cola en la Mesa de Entradas del edificio comunal para realizar un tr\u00e1mite.<\/p>\n<p>La mujer fue identificada como Mar\u00eda Paula Giglio, quien trabajaba como productora de un programa de la radio FM Red 101 de San Carlos, que conduce el periodista Jos\u00e9 Luis Toso, quien tambi\u00e9n se desempe\u00f1a como prosecretario de redacci\u00f3n del diario Los Andes de esta provincia.<\/p>\n<p>La mujer fue atacada al azar por Exequiel Pallares, de 24 a\u00f1os, que fue r\u00e1pidamente detenido.<\/p>\n<p>El joven, quien tiene antecedentes psiqui\u00e1tricos, ingres\u00f3 a la Municipalidad con un cuchillo y tom\u00f3 a la mujer por sorpresa asest\u00e1ndole una pu\u00f1alada en el cuello y otras cuatro en distintas partes del cuerpo, que le causaron la muerte en el lugar.<\/p>\n<p>El director de la Polic\u00eda de Mendoza, Juan Carlos Caleri, afirm\u00f3 que \u00abel hombre estaba bajo tratamiento psiqui\u00e1trico y no ten\u00eda ning\u00fan v\u00ednculo con la mujer\u00bb, por lo que desestim\u00f3 una versi\u00f3n surgida apenas conocido el hecho, que indicaba que pod\u00eda tratarse de un crimen de g\u00e9nero.<\/p>\n<p>Otras fuentes policiales puntualizaron que la v\u00edctima ten\u00eda domicilio en la ciudad de Mendoza, mientras su agresor viv\u00eda en el departamento San Carlos.<br \/>\nPolic\u00eda Cient\u00edfica, autoridades judiciales y el intendente Jorge Difonso asistieron al lugar del crimen<\/p>\n","protected":false},"excerpt":{"rendered":"<p>La v\u00edctima, una productora de radio de 33 a\u00f1os, fue atacada a pu\u00f1aladas \u00abal azar\u00bb por un joven con desequilibrios psiqui\u00e1tricos.\u00a0\u00a0\u00a0\u00a0\u00a0\u00a0\u00a0\u00a0\u00a0\u00a0\u00a0\u00a0\u00a0\u00a0\u00a0\u00a0\u00a0\u00a0\u00a0\u00a0\u00a0\u00a0\u00a0\u00a0\u00a0 Una productora de radio de 33 a\u00f1os fue asesinada hoy a pu\u00f1aladas, cuando estaba haciendo un tr\u00e1mite en la Municipalidad de la localidad mendocina de San Carlos, por un joven con desequilibrios psiqui\u00e1tricos que&hellip;<\/p>\n","protected":false},"author":1,"featured_media":0,"comment_status":"open","ping_status":"open","sticky":false,"template":"","format":"standard","meta":{"footnotes":""},"categories":[22],"tags":[19031,19029,19030,571],"class_list":["post-43524","post","type-post","status-publish","format-standard","hentry","category-policiales","tag-exequiel-pallares","tag-jose-luis-toso","tag-maria-paula-giglio","tag-mendoza"],"_links":{"self":[{"href":"https:\/\/www.elsindical.com.ar\/notas\/wp-json\/wp\/v2\/posts\/43524","targetHints":{"allow":["GET"]}}],"collection":[{"href":"https:\/\/www.elsindical.com.ar\/notas\/wp-json\/wp\/v2\/posts"}],"about":[{"href":"https:\/\/www.elsindical.com.ar\/notas\/wp-json\/wp\/v2\/types\/post"}],"author":[{"embeddable":true,"href":"https:\/\/www.elsindical.com.ar\/notas\/wp-json\/wp\/v2\/users\/1"}],"replies":[{"embeddable":true,"href":"https:\/\/www.elsindical.com.ar\/notas\/wp-json\/wp\/v2\/comments?post=43524"}],"version-history":[{"count":2,"href":"https:\/\/www.elsindical.com.ar\/notas\/wp-json\/wp\/v2\/posts\/43524\/revisions"}],"predecessor-version":[{"id":43527,"href":"https:\/\/www.elsindical.com.ar\/notas\/wp-json\/wp\/v2\/posts\/43524\/revisions\/43527"}],"wp:attachment":[{"href":"https:\/\/www.elsindical.com.ar\/notas\/wp-json\/wp\/v2\/media?parent=43524"}],"wp:term":[{"taxonomy":"category","embeddable":true,"href":"https:\/\/www.elsindical.com.ar\/notas\/wp-json\/wp\/v2\/categories?post=43524"},{"taxonomy":"post_tag","embeddable":true,"href":"https:\/\/www.elsindical.com.ar\/notas\/wp-json\/wp\/v2\/tags?post=43524"}],"curies":[{"name":"wp","href":"https:\/\/api.w.org\/{rel}","templated":true}]}}