{"id":43518,"date":"2014-06-19T00:22:14","date_gmt":"2014-06-19T03:22:14","guid":{"rendered":"http:\/\/www.elsindical.com.ar\/notas\/?p=43518"},"modified":"2014-06-19T00:22:14","modified_gmt":"2014-06-19T03:22:14","slug":"escobardetienen-a-ex-pareja-de-mujer-asesinada-hallada-con-su-beba","status":"publish","type":"post","link":"https:\/\/www.elsindical.com.ar\/notas\/escobardetienen-a-ex-pareja-de-mujer-asesinada-hallada-con-su-beba\/","title":{"rendered":"Escobar:Detienen a ex pareja de mujer asesinada, hallada con su beba"},"content":{"rendered":"<p><em><a href=\"http:\/\/www.elsindical.com.ar\/notas\/var\/www\/html\/notas\/wp-content\/uploads\/2014\/06\/Pamela-Estefan\u00eda-Biosa.jpg\"><img loading=\"lazy\" decoding=\"async\" class=\"alignnone size-medium wp-image-43519\" src=\"http:\/\/www.elsindical.com.ar\/notas\/var\/www\/html\/notas\/wp-content\/uploads\/2014\/06\/Pamela-Estefan\u00eda-Biosa-300x264.jpg\" alt=\"Pamela-Estefan\u00eda-Biosa\" width=\"300\" height=\"264\" srcset=\"https:\/\/www.elsindical.com.ar\/notas\/var\/www\/html\/notas\/wp-content\/uploads\/2014\/06\/Pamela-Estefan\u00eda-Biosa-300x264.jpg 300w, https:\/\/www.elsindical.com.ar\/notas\/var\/www\/html\/notas\/wp-content\/uploads\/2014\/06\/Pamela-Estefan\u00eda-Biosa-339x300.jpg 339w, https:\/\/www.elsindical.com.ar\/notas\/var\/www\/html\/notas\/wp-content\/uploads\/2014\/06\/Pamela-Estefan\u00eda-Biosa.jpg 443w\" sizes=\"auto, (max-width: 300px) 100vw, 300px\" \/><\/a>Matias Michel, quien trabaja en una agencia de seguridad, est\u00e1 acusado de matar a golpes a Pamela Estefan\u00eda Biosa.\u00a0\u00a0\u00a0\u00a0\u00a0\u00a0\u00a0\u00a0\u00a0\u00a0\u00a0\u00a0\u00a0\u00a0\u00a0\u00a0\u00a0\u00a0\u00a0\u00a0\u00a0\u00a0\u00a0\u00a0\u00a0<\/em><\/p>\n<p>La ex pareja de Pamela Estefan\u00eda Biosa, la joven que fue encontrada asesinada ayer en el partido bonaerense de Escobar junto a su beb\u00e9 de siete meses, que estaba ileso, fue detenido hoy, informaron fuentes de la investigaci\u00f3n.<\/p>\n<p>El detenido, identificado como Matias Michel, quien trabaja en una agencia de seguridad, fue apresado esta tarde durante un procedimiento en su vivienda.<\/p>\n","protected":false},"excerpt":{"rendered":"<p>Matias Michel, quien trabaja en una agencia de seguridad, est\u00e1 acusado de matar a golpes a Pamela Estefan\u00eda Biosa.\u00a0\u00a0\u00a0\u00a0\u00a0\u00a0\u00a0\u00a0\u00a0\u00a0\u00a0\u00a0\u00a0\u00a0\u00a0\u00a0\u00a0\u00a0\u00a0\u00a0\u00a0\u00a0\u00a0\u00a0\u00a0 La ex pareja de Pamela Estefan\u00eda Biosa, la joven que fue encontrada asesinada ayer en el partido bonaerense de Escobar junto a su beb\u00e9 de siete meses, que estaba ileso, fue detenido hoy, informaron fuentes de&hellip;<\/p>\n","protected":false},"author":1,"featured_media":0,"comment_status":"open","ping_status":"open","sticky":false,"template":"","format":"standard","meta":{"footnotes":""},"categories":[22],"tags":[1176,19026,19025],"class_list":["post-43518","post","type-post","status-publish","format-standard","hentry","category-policiales","tag-escobar","tag-matias-michel","tag-pamela-estefania-biosa"],"_links":{"self":[{"href":"https:\/\/www.elsindical.com.ar\/notas\/wp-json\/wp\/v2\/posts\/43518","targetHints":{"allow":["GET"]}}],"collection":[{"href":"https:\/\/www.elsindical.com.ar\/notas\/wp-json\/wp\/v2\/posts"}],"about":[{"href":"https:\/\/www.elsindical.com.ar\/notas\/wp-json\/wp\/v2\/types\/post"}],"author":[{"embeddable":true,"href":"https:\/\/www.elsindical.com.ar\/notas\/wp-json\/wp\/v2\/users\/1"}],"replies":[{"embeddable":true,"href":"https:\/\/www.elsindical.com.ar\/notas\/wp-json\/wp\/v2\/comments?post=43518"}],"version-history":[{"count":1,"href":"https:\/\/www.elsindical.com.ar\/notas\/wp-json\/wp\/v2\/posts\/43518\/revisions"}],"predecessor-version":[{"id":43520,"href":"https:\/\/www.elsindical.com.ar\/notas\/wp-json\/wp\/v2\/posts\/43518\/revisions\/43520"}],"wp:attachment":[{"href":"https:\/\/www.elsindical.com.ar\/notas\/wp-json\/wp\/v2\/media?parent=43518"}],"wp:term":[{"taxonomy":"category","embeddable":true,"href":"https:\/\/www.elsindical.com.ar\/notas\/wp-json\/wp\/v2\/categories?post=43518"},{"taxonomy":"post_tag","embeddable":true,"href":"https:\/\/www.elsindical.com.ar\/notas\/wp-json\/wp\/v2\/tags?post=43518"}],"curies":[{"name":"wp","href":"https:\/\/api.w.org\/{rel}","templated":true}]}}