{"id":4348,"date":"2010-03-09T00:39:35","date_gmt":"2010-03-09T03:39:35","guid":{"rendered":"http:\/\/www.elsindical.com.ar\/notas\/?p=4348"},"modified":"2010-03-09T00:39:35","modified_gmt":"2010-03-09T03:39:35","slug":"podria-no-haber-abastecimiento-de-combustibles-el-proximo-fin-de-semana","status":"publish","type":"post","link":"https:\/\/www.elsindical.com.ar\/notas\/podria-no-haber-abastecimiento-de-combustibles-el-proximo-fin-de-semana\/","title":{"rendered":"Podr\u00eda no haber abastecimiento de combustibles el pr\u00f3ximo fin de semana"},"content":{"rendered":"<p style=\"text-align: justify;\"><em><a href=\"http:\/\/www.elsindical.com.ar\/notas\/var\/www\/html\/notas\/wp-content\/uploads\/2010\/03\/paro-estaciones-de-servicio.jpg\"><img loading=\"lazy\" decoding=\"async\" class=\"alignleft size-full wp-image-4349\" title=\"paro-estaciones-de-servicio\" src=\"http:\/\/www.elsindical.com.ar\/notas\/var\/www\/html\/notas\/wp-content\/uploads\/2010\/03\/paro-estaciones-de-servicio.jpg\" alt=\"\" width=\"227\" height=\"133\" \/><\/a>Las estaciones de servicios de todo el pa\u00eds podr\u00edan no abastecer el pr\u00f3ximo fin de semana debido a un inminente paro de los trabajadores del sector, quienes exigen a las c\u00e1maras empresarias un urgente incremento salarial del 30 por ciento.<\/em><\/p>\n<p style=\"text-align: justify;\">En medio del fuerte malestar de los consumidores por la suba del 14 por ciento en las naftas el \u00faltimo mes, los empleados de las expendedoras iniciar\u00edan el jueves un paro de actividades durante 72 horas, afectando el fin de semana.<\/p>\n<p style=\"text-align: justify;\">La Federaci\u00f3n de Obreros y Empleados de Estaciones de Servicio y Garajes, (FOESGRA) advirti\u00f3 este lunes que si las c\u00e1maras empresarias no presentan una oferta salarial en la mesa de negociaciones el mi\u00e9rcoles, la medida ser\u00e1 un hecho.<\/p>\n<p style=\"text-align: justify;\">Cargar naftas o gasoil ya fue una tarea complicada durante el \u00faltimo s\u00e1bado y domingo, dado que cientos de expendedoras de la la Capital Federal y varias provincias no contaron con esos combustibles debidos a problemas en el abastecimiento.<\/p>\n<p style=\"text-align: justify;\">\u00abNo hay s\u00faper\u00bb y \u00abNo hay premium\u00bb fueron cartelitos que proliferaron -junto a aquellos que indicaban la falta de gasoil-<\/p>\n<p style=\"text-align: justify;\">incluso en estaciones que pertenecen a las petroleras YPF, Esso, Shell y Petrobras.<\/p>\n<p style=\"text-align: justify;\">Mayores inconvenientes presentaron las estaciones de bandera blanca, quienes vienen denunciando desde varios meses que las petroleras no cumplen con los cupos acordados ante el Gobierno, y acusan \u00abdiscriminaci\u00f3n\u00bb.<\/p>\n<p style=\"text-align: justify;\">Lo cierto es que las petroleras aumentaron su oferta este a\u00f1o pero sin poder satisfacer el ritmo de crecimiento de la demanda, por el gran crecimiento del parque automotor y por el aluvi\u00f3n tur\u00edstico del reciente verano.<\/p>\n<p style=\"text-align: justify;\">Ahora, en medio de esa crisis de abastecimiento, las estaciones de servicio de bandera blanca y de las cuatro petroleras que operan en el pa\u00eds, podr\u00edan no expender durante todo el pr\u00f3ximo fin de semana.<\/p>\n<p style=\"text-align: justify;\">El secretario general de la FOESGRA, Carlos Acu\u00f1a, opin\u00f3 que los empresarios del sector saben que el 30 por ciento de incremento salarial reclamado \u00abno es caprichoso ni antojadizo sino que, esta destinado exclusivamente para cubrir el alza de precios que padecemos todos los trabajadores argentinos\u00bb.<\/p>\n<p style=\"text-align: justify;\">Adem\u00e1s, el gremialista acus\u00f3 a las petroleras de hacer \u00abalarde\u00bb por todos los medios de \u00absu opulenta rentabilidad y del alza en el consumo y por otro lado intentan poner palos en la rueda cuando los trabajadores reclaman salarios dignos\u00bb.<\/p>\n<p style=\"text-align: justify;\">En ese marco, Acu\u00f1a denunci\u00f3 que los trabajadores son los \u00fanicos perjudicados porque en los \u00faltimos cinco a\u00f1os se perdieron m\u00e1s de 40.000 puestos de trabajo producto del cierre de 3500 bocas de expendios.<\/p>\n<p style=\"text-align: justify;\">Mientras tanto, ex empleados de la petrolera YPF anunciaron en Mendoza que cortar\u00e1n rutas y accesos a destiler\u00edas, plantas y puertos si no tienen una respuesta ante su reclamo para cobrar indemnizaciones.<\/p>\n<p style=\"text-align: justify;\">Estos ex empleados de la petrolera reclaman el pago de 220 mil pesos por trabajador que la empresa deber\u00eda haber abonado hace 17 a\u00f1os, cuando el Gobierno de Carlos Menem la privatiz\u00f3.<\/p>\n<p style=\"text-align: justify;\">Los trabajadores que no han cobrado son m\u00e1s de 25.700 en todo el pa\u00eds, seg\u00fan inform\u00f3 el gremio.<\/p>\n","protected":false},"excerpt":{"rendered":"<p>Las estaciones de servicios de todo el pa\u00eds podr\u00edan no abastecer el pr\u00f3ximo fin de semana debido a un inminente paro de los trabajadores del sector, quienes exigen a las c\u00e1maras empresarias un urgente incremento salarial del 30 por ciento. En medio del fuerte malestar de los consumidores por la suba del 14 por ciento&hellip;<\/p>\n","protected":false},"author":1,"featured_media":0,"comment_status":"open","ping_status":"open","sticky":false,"template":"","format":"standard","meta":{"footnotes":""},"categories":[16],"tags":[2255,2253,2254,67,2256],"class_list":["post-4348","post","type-post","status-publish","format-standard","hentry","category-gremiales","tag-camaras-empresarias","tag-combistibles","tag-estaciones-de-servicio","tag-paro","tag-trabajores"],"_links":{"self":[{"href":"https:\/\/www.elsindical.com.ar\/notas\/wp-json\/wp\/v2\/posts\/4348","targetHints":{"allow":["GET"]}}],"collection":[{"href":"https:\/\/www.elsindical.com.ar\/notas\/wp-json\/wp\/v2\/posts"}],"about":[{"href":"https:\/\/www.elsindical.com.ar\/notas\/wp-json\/wp\/v2\/types\/post"}],"author":[{"embeddable":true,"href":"https:\/\/www.elsindical.com.ar\/notas\/wp-json\/wp\/v2\/users\/1"}],"replies":[{"embeddable":true,"href":"https:\/\/www.elsindical.com.ar\/notas\/wp-json\/wp\/v2\/comments?post=4348"}],"version-history":[{"count":2,"href":"https:\/\/www.elsindical.com.ar\/notas\/wp-json\/wp\/v2\/posts\/4348\/revisions"}],"predecessor-version":[{"id":4351,"href":"https:\/\/www.elsindical.com.ar\/notas\/wp-json\/wp\/v2\/posts\/4348\/revisions\/4351"}],"wp:attachment":[{"href":"https:\/\/www.elsindical.com.ar\/notas\/wp-json\/wp\/v2\/media?parent=4348"}],"wp:term":[{"taxonomy":"category","embeddable":true,"href":"https:\/\/www.elsindical.com.ar\/notas\/wp-json\/wp\/v2\/categories?post=4348"},{"taxonomy":"post_tag","embeddable":true,"href":"https:\/\/www.elsindical.com.ar\/notas\/wp-json\/wp\/v2\/tags?post=4348"}],"curies":[{"name":"wp","href":"https:\/\/api.w.org\/{rel}","templated":true}]}}