{"id":43474,"date":"2014-06-17T12:24:18","date_gmt":"2014-06-17T15:24:18","guid":{"rendered":"http:\/\/www.elsindical.com.ar\/notas\/?p=43474"},"modified":"2014-06-17T12:24:18","modified_gmt":"2014-06-17T15:24:18","slug":"retiropor-ola-de-robos-hubo-cambios-en-la-seguridad","status":"publish","type":"post","link":"https:\/\/www.elsindical.com.ar\/notas\/retiropor-ola-de-robos-hubo-cambios-en-la-seguridad\/","title":{"rendered":"Retiro:Por ola de robos hubo cambios en la seguridad"},"content":{"rendered":"<p><em><a href=\"http:\/\/www.elsindical.com.ar\/notas\/var\/www\/html\/notas\/wp-content\/uploads\/2014\/06\/Estaci\u00f3n-Retiro-seguridad.jpg\"><img loading=\"lazy\" decoding=\"async\" class=\"alignnone size-medium wp-image-43475\" src=\"http:\/\/www.elsindical.com.ar\/notas\/var\/www\/html\/notas\/wp-content\/uploads\/2014\/06\/Estaci\u00f3n-Retiro-seguridad-300x199.jpg\" alt=\"Estaci\u00f3n-Retiro-seguridad\" width=\"300\" height=\"199\" srcset=\"https:\/\/www.elsindical.com.ar\/notas\/var\/www\/html\/notas\/wp-content\/uploads\/2014\/06\/Estaci\u00f3n-Retiro-seguridad-300x199.jpg 300w, https:\/\/www.elsindical.com.ar\/notas\/var\/www\/html\/notas\/wp-content\/uploads\/2014\/06\/Estaci\u00f3n-Retiro-seguridad-452x300.jpg 452w, https:\/\/www.elsindical.com.ar\/notas\/var\/www\/html\/notas\/wp-content\/uploads\/2014\/06\/Estaci\u00f3n-Retiro-seguridad.jpg 502w\" sizes=\"auto, (max-width: 300px) 100vw, 300px\" \/><\/a>Una serie de asaltos a boleter\u00edas, robos a pasajeros y empleados del lugar, y disturbios generados por unas 300 personas que viv\u00edan en la estaci\u00f3n, llevaron a Gendarmer\u00eda a modificar su esquema de vigilancia, la cuesti\u00f3n es una verg\u00fcenza para la fuerza de seguridad ya que su sede se encuentra a solo metros de la terminal.<\/em><\/p>\n<p>La <b>Gendarmer\u00eda <\/b>y<b> TEBA<\/b>, la empresa concesionaria del lugar de la terminal de Retiro, comenzaron a emplear nuevas medidas de seguridad para contrarrestar la oleada de asaltos, arrebatos y disturbios que registraron en las \u00faltimas semanas. Entre varias cosas, decidieron cerrar por las noches seis de las ocho entradas habilitadas y s\u00f3lo permiten ingresar personas con su pasaje en mano.<\/p>\n<div><\/div>\n<div>Una serie de asaltos a las boleter\u00edas -que fueron denunciados por las empresas de transporte-, robos a pasajeros y empleados del lugar, y disturbios generados por cerca de 300 personas que viv\u00edan en la estaci\u00f3n fueron el disparador para que las autoridades decidieran modificar el esquema de patrullaje.<\/p>\n<div><\/div>\n<div>\u00abLa situaci\u00f3n se fue de las manos.<b> Era much\u00edsima gente la que entraba a dormir en la estaci\u00f3n, y empez\u00f3 a aumentar la cantidad de robos a comercios<\/b>. Por eso, hace unos d\u00edas se dio la orden de dejar entrar s\u00f3lo a pasajeros. El primer d\u00eda que empezamos a sacar a las personas se amotinaron, hicieron un piquete y quemaron colchones dentro de la estaci\u00f3n\u00bb, dijo a <i>La Naci\u00f3n<\/i> un gendarme que cuida la terminal por las noches.<\/div>\n<\/div>\n<div><\/div>\n<div>Por la terminal de \u00f3mnibus de Retiro, que tiene una extensi\u00f3n de <b>m\u00e1s de 117.000 metros cuadrados<\/b>, transitan unas 70.000 personas por d\u00eda. Se estima que de los 54 millones de pasajeros que transitan por a\u00f1o en las terminales del pa\u00eds, la mitad lo hacen por la estaci\u00f3n porte\u00f1a.<\/div>\n<div><\/div>\n<div>Otro de los temas que generan preocupaci\u00f3n es que hasta ahora ni personas ni equipajes son revisados. Solamente se revisan las encomiendas. Incluso cualquiera puede ingresar a los andenes sin ning\u00fan tipo de control. \u00abLas empresas de \u00f3mnibus nunca autorizaron poner los esc\u00e1neres para controlar a los pasajeros porque quedar\u00eda al descubierto la cantidad de pasajeros que viajan y se les reducir\u00edan los subsidios\u00bb, dijeron al matutino desde la empresa TEBA.<\/div>\n<div><\/div>\n<div>\u00abLos robos importantes son arriba del micro.<b> Al no controlar los documentos, cualquier delincuente sube y a los cincuenta kil\u00f3metros desvalija el colectivo<\/b>. La mayor\u00eda de estos hechos no se denuncia porque juega en contra del marketing de las empresas\u00bb, denunciaron.<\/div>\n","protected":false},"excerpt":{"rendered":"<p>Una serie de asaltos a boleter\u00edas, robos a pasajeros y empleados del lugar, y disturbios generados por unas 300 personas que viv\u00edan en la estaci\u00f3n, llevaron a Gendarmer\u00eda a modificar su esquema de vigilancia, la cuesti\u00f3n es una verg\u00fcenza para la fuerza de seguridad ya que su sede se encuentra a solo metros de la&hellip;<\/p>\n","protected":false},"author":1,"featured_media":0,"comment_status":"open","ping_status":"open","sticky":false,"template":"","format":"standard","meta":{"footnotes":""},"categories":[22],"tags":[1429,402,532,1174],"class_list":["post-43474","post","type-post","status-publish","format-standard","hentry","category-policiales","tag-gendarmeria-nacional","tag-pasajeros","tag-retiro","tag-robos"],"_links":{"self":[{"href":"https:\/\/www.elsindical.com.ar\/notas\/wp-json\/wp\/v2\/posts\/43474","targetHints":{"allow":["GET"]}}],"collection":[{"href":"https:\/\/www.elsindical.com.ar\/notas\/wp-json\/wp\/v2\/posts"}],"about":[{"href":"https:\/\/www.elsindical.com.ar\/notas\/wp-json\/wp\/v2\/types\/post"}],"author":[{"embeddable":true,"href":"https:\/\/www.elsindical.com.ar\/notas\/wp-json\/wp\/v2\/users\/1"}],"replies":[{"embeddable":true,"href":"https:\/\/www.elsindical.com.ar\/notas\/wp-json\/wp\/v2\/comments?post=43474"}],"version-history":[{"count":1,"href":"https:\/\/www.elsindical.com.ar\/notas\/wp-json\/wp\/v2\/posts\/43474\/revisions"}],"predecessor-version":[{"id":43476,"href":"https:\/\/www.elsindical.com.ar\/notas\/wp-json\/wp\/v2\/posts\/43474\/revisions\/43476"}],"wp:attachment":[{"href":"https:\/\/www.elsindical.com.ar\/notas\/wp-json\/wp\/v2\/media?parent=43474"}],"wp:term":[{"taxonomy":"category","embeddable":true,"href":"https:\/\/www.elsindical.com.ar\/notas\/wp-json\/wp\/v2\/categories?post=43474"},{"taxonomy":"post_tag","embeddable":true,"href":"https:\/\/www.elsindical.com.ar\/notas\/wp-json\/wp\/v2\/tags?post=43474"}],"curies":[{"name":"wp","href":"https:\/\/api.w.org\/{rel}","templated":true}]}}