{"id":43464,"date":"2014-06-16T18:52:50","date_gmt":"2014-06-16T21:52:50","guid":{"rendered":"http:\/\/www.elsindical.com.ar\/notas\/?p=43464"},"modified":"2014-06-16T18:52:50","modified_gmt":"2014-06-16T21:52:50","slug":"la-corte-de-eeuu-rechazo-la-apelacion-argentina-por-los-fondos-buitre","status":"publish","type":"post","link":"https:\/\/www.elsindical.com.ar\/notas\/la-corte-de-eeuu-rechazo-la-apelacion-argentina-por-los-fondos-buitre\/","title":{"rendered":"La Corte de EEUU rechaz\u00f3 la apelaci\u00f3n argentina por los fondos buitre"},"content":{"rendered":"<p class=\"p1 newDetailTextChange\"><a href=\"http:\/\/www.elsindical.com.ar\/notas\/var\/www\/html\/notas\/wp-content\/uploads\/2014\/06\/Corte-Suprema-EEUU.jpg\"><img loading=\"lazy\" decoding=\"async\" class=\"alignnone size-medium wp-image-43465\" src=\"http:\/\/www.elsindical.com.ar\/notas\/var\/www\/html\/notas\/wp-content\/uploads\/2014\/06\/Corte-Suprema-EEUU-300x170.jpg\" alt=\"Corte-Suprema-EEUU\" width=\"300\" height=\"170\" srcset=\"https:\/\/www.elsindical.com.ar\/notas\/var\/www\/html\/notas\/wp-content\/uploads\/2014\/06\/Corte-Suprema-EEUU-300x170.jpg 300w, https:\/\/www.elsindical.com.ar\/notas\/var\/www\/html\/notas\/wp-content\/uploads\/2014\/06\/Corte-Suprema-EEUU-500x284.jpg 500w, https:\/\/www.elsindical.com.ar\/notas\/var\/www\/html\/notas\/wp-content\/uploads\/2014\/06\/Corte-Suprema-EEUU.jpg 531w\" sizes=\"auto, (max-width: 300px) 100vw, 300px\" \/><\/a>La Corte Suprema de Estados Unidos <b>rechaz\u00f3 este lunes la apelaci\u00f3n argentina contra los fondos buitre.<br \/>\n<\/b><br \/>\nLa decisi\u00f3n se conoci\u00f3 a las 09:35 hora local (10:35 de Argentina)\u00a0 en el caso de Argentina vs.los fondos NML, Aurelius, Blue Angel y otros peque\u00f1os inversores, que hab\u00edan prevalecido en las dos instancias inferiores.<\/p>\n<p>Seg\u00fan se indic\u00f3 en el blog de la Corte Suprema<b>, la jueza Sonia Sotomayor no tom\u00f3 parte de la decisi\u00f3n. <\/b><\/p>\n<p>Tambi\u00e9n rechaz\u00f3 un caso paralelo, los Exchange BoldholderGroup (EGB), quienes solicitaron al m\u00e1ximo tribunal de Estados Unidos, al igual que la Argentina,<b> una revisi\u00f3n de la medida del juez Thomas Griesa, quien comprometi\u00f3 los pagos de los bonos del canje para el cumplimiento de la sanci\u00f3n al pa\u00eds. <\/b><\/p>\n<p>Tres eran las posibilidades de base que podr\u00edan surgir: aceptar tratar el caso, rechazarlo o posponer la decisi\u00f3n (a trav\u00e9s de la solicitud de opini\u00f3n al gobierno de Barack Obama, no decir nada o girar el caso a una corte estadual de Nueva York).<\/p>\n<p>En su habitual conferencia de prensa de la ma\u00f1ana,<b> el jefe de Gabinete Jorge Capitanich hab\u00eda afirmado que \u00abni bien se expida la Corte, seguramente el ministro de Econom\u00eda elaborar\u00e1 un comunicado emitiendo la opini\u00f3n del Gobierno argentino\u00bb<\/b><\/p>\n","protected":false},"excerpt":{"rendered":"<p>La Corte Suprema de Estados Unidos rechaz\u00f3 este lunes la apelaci\u00f3n argentina contra los fondos buitre. La decisi\u00f3n se conoci\u00f3 a las 09:35 hora local (10:35 de Argentina)\u00a0 en el caso de Argentina vs.los fondos NML, Aurelius, Blue Angel y otros peque\u00f1os inversores, que hab\u00edan prevalecido en las dos instancias inferiores. Seg\u00fan se indic\u00f3 en&hellip;<\/p>\n","protected":false},"author":1,"featured_media":0,"comment_status":"open","ping_status":"open","sticky":false,"template":"","format":"standard","meta":{"footnotes":""},"categories":[18],"tags":[],"class_list":["post-43464","post","type-post","status-publish","format-standard","hentry","category-internacionales"],"_links":{"self":[{"href":"https:\/\/www.elsindical.com.ar\/notas\/wp-json\/wp\/v2\/posts\/43464","targetHints":{"allow":["GET"]}}],"collection":[{"href":"https:\/\/www.elsindical.com.ar\/notas\/wp-json\/wp\/v2\/posts"}],"about":[{"href":"https:\/\/www.elsindical.com.ar\/notas\/wp-json\/wp\/v2\/types\/post"}],"author":[{"embeddable":true,"href":"https:\/\/www.elsindical.com.ar\/notas\/wp-json\/wp\/v2\/users\/1"}],"replies":[{"embeddable":true,"href":"https:\/\/www.elsindical.com.ar\/notas\/wp-json\/wp\/v2\/comments?post=43464"}],"version-history":[{"count":1,"href":"https:\/\/www.elsindical.com.ar\/notas\/wp-json\/wp\/v2\/posts\/43464\/revisions"}],"predecessor-version":[{"id":43466,"href":"https:\/\/www.elsindical.com.ar\/notas\/wp-json\/wp\/v2\/posts\/43464\/revisions\/43466"}],"wp:attachment":[{"href":"https:\/\/www.elsindical.com.ar\/notas\/wp-json\/wp\/v2\/media?parent=43464"}],"wp:term":[{"taxonomy":"category","embeddable":true,"href":"https:\/\/www.elsindical.com.ar\/notas\/wp-json\/wp\/v2\/categories?post=43464"},{"taxonomy":"post_tag","embeddable":true,"href":"https:\/\/www.elsindical.com.ar\/notas\/wp-json\/wp\/v2\/tags?post=43464"}],"curies":[{"name":"wp","href":"https:\/\/api.w.org\/{rel}","templated":true}]}}