{"id":43451,"date":"2014-06-16T00:16:36","date_gmt":"2014-06-16T03:16:36","guid":{"rendered":"http:\/\/www.elsindical.com.ar\/notas\/?p=43451"},"modified":"2014-06-16T00:16:36","modified_gmt":"2014-06-16T03:16:36","slug":"retiran-embutidos-por-triquinella","status":"publish","type":"post","link":"https:\/\/www.elsindical.com.ar\/notas\/retiran-embutidos-por-triquinella\/","title":{"rendered":"Retiran embutidos por triquinella"},"content":{"rendered":"<p><em><a href=\"http:\/\/www.elsindical.com.ar\/notas\/var\/www\/html\/notas\/wp-content\/uploads\/2014\/06\/secuestro-embutidos.jpg\"><img loading=\"lazy\" decoding=\"async\" class=\"alignnone size-medium wp-image-43452\" src=\"http:\/\/www.elsindical.com.ar\/notas\/var\/www\/html\/notas\/wp-content\/uploads\/2014\/06\/secuestro-embutidos-300x190.jpg\" alt=\"secuestro-embutidos\" width=\"300\" height=\"190\" srcset=\"https:\/\/www.elsindical.com.ar\/notas\/var\/www\/html\/notas\/wp-content\/uploads\/2014\/06\/secuestro-embutidos-300x190.jpg 300w, https:\/\/www.elsindical.com.ar\/notas\/var\/www\/html\/notas\/wp-content\/uploads\/2014\/06\/secuestro-embutidos-472x300.jpg 472w, https:\/\/www.elsindical.com.ar\/notas\/var\/www\/html\/notas\/wp-content\/uploads\/2014\/06\/secuestro-embutidos.jpg 502w\" sizes=\"auto, (max-width: 300px) 100vw, 300px\" \/><\/a>Se orden\u00f3 la Provincia. Son productos de las marcas Caseros de Roca y Don Hilario. Hay m\u00e1s de 100 casos de<\/em> triquinosis.<\/p>\n<p>Los ministerios de Salud y de Asuntos Agrarios de la provincia de Buenos Aires dispusieron el retiro del mercado y la no comercializaci\u00f3n de todos los productos embutidos y fiambres de las marcas Caseros de Roca y Don Hilario, por tratarse de productos no inscriptos, a los que adem\u00e1s se les detect\u00f3 triquinella en pruebas analizadas.<\/p>\n<p>Adem\u00e1s, la cooperativa de trabajo Manjares de Agust\u00edn Roca, que elabor\u00f3 los productos en el partido de Jun\u00edn, fue clausurada.<\/p>\n<p>Todas las jurisdicciones bromatol\u00f3gicas se encuentran monitoreando la evoluci\u00f3n del retiro de los productos.<\/p>\n<p><strong>Casos de triquinosis.<\/strong><\/p>\n<p>Al 11 de junio, los casos sospechosos de triquinosis denunciados a la regi\u00f3n sanitaria III de la Provincia ascienden a 100, en las localidades de Jun\u00edn, O\u2019 Higgins y Chacabuco. Adem\u00e1s se denunciaron casos en Salto (cuatro), Rivadavia (dos), Teodelina, en la provincia de Santa Fe (uno), y Ciudad de Buenos Aires (cuatro).<\/p>\n<p>La triquinosis es una enfermedad infecciosa producida por un par\u00e1sito que se contrae por la ingesti\u00f3n de carne de cerdo contaminada, cruda, mal cocida o mal procesada.<\/p>\n<p>Para prevenirla hay que evitar el consumo de carne de cerdo o alguno de sus derivados mal cocidos, y no comprar embutidos o chacinados crudos.<\/p>\n","protected":false},"excerpt":{"rendered":"<p>Se orden\u00f3 la Provincia. Son productos de las marcas Caseros de Roca y Don Hilario. Hay m\u00e1s de 100 casos de triquinosis. Los ministerios de Salud y de Asuntos Agrarios de la provincia de Buenos Aires dispusieron el retiro del mercado y la no comercializaci\u00f3n de todos los productos embutidos y fiambres de las marcas&hellip;<\/p>\n","protected":false},"author":1,"featured_media":0,"comment_status":"open","ping_status":"open","sticky":false,"template":"","format":"standard","meta":{"footnotes":""},"categories":[23],"tags":[19012,19011,19010],"class_list":["post-43451","post","type-post","status-publish","format-standard","hentry","category-salud","tag-don-hilario","tag-manjares-de-agustin-roca","tag-triquinosis"],"_links":{"self":[{"href":"https:\/\/www.elsindical.com.ar\/notas\/wp-json\/wp\/v2\/posts\/43451","targetHints":{"allow":["GET"]}}],"collection":[{"href":"https:\/\/www.elsindical.com.ar\/notas\/wp-json\/wp\/v2\/posts"}],"about":[{"href":"https:\/\/www.elsindical.com.ar\/notas\/wp-json\/wp\/v2\/types\/post"}],"author":[{"embeddable":true,"href":"https:\/\/www.elsindical.com.ar\/notas\/wp-json\/wp\/v2\/users\/1"}],"replies":[{"embeddable":true,"href":"https:\/\/www.elsindical.com.ar\/notas\/wp-json\/wp\/v2\/comments?post=43451"}],"version-history":[{"count":1,"href":"https:\/\/www.elsindical.com.ar\/notas\/wp-json\/wp\/v2\/posts\/43451\/revisions"}],"predecessor-version":[{"id":43453,"href":"https:\/\/www.elsindical.com.ar\/notas\/wp-json\/wp\/v2\/posts\/43451\/revisions\/43453"}],"wp:attachment":[{"href":"https:\/\/www.elsindical.com.ar\/notas\/wp-json\/wp\/v2\/media?parent=43451"}],"wp:term":[{"taxonomy":"category","embeddable":true,"href":"https:\/\/www.elsindical.com.ar\/notas\/wp-json\/wp\/v2\/categories?post=43451"},{"taxonomy":"post_tag","embeddable":true,"href":"https:\/\/www.elsindical.com.ar\/notas\/wp-json\/wp\/v2\/tags?post=43451"}],"curies":[{"name":"wp","href":"https:\/\/api.w.org\/{rel}","templated":true}]}}