{"id":4342,"date":"2010-03-08T20:39:51","date_gmt":"2010-03-08T23:39:51","guid":{"rendered":"http:\/\/www.elsindical.com.ar\/notas\/?p=4342"},"modified":"2010-03-08T20:39:51","modified_gmt":"2010-03-08T23:39:51","slug":"el-baterista-de-callejeros-esta-profugo-y-es-buscado-por-la-policia","status":"publish","type":"post","link":"https:\/\/www.elsindical.com.ar\/notas\/el-baterista-de-callejeros-esta-profugo-y-es-buscado-por-la-policia\/","title":{"rendered":"El baterista de Callejeros est\u00e1 pr\u00f3fugo y es buscado por la polic\u00eda"},"content":{"rendered":"<p style=\"text-align: justify;\"><em><a href=\"http:\/\/www.elsindical.com.ar\/notas\/var\/www\/html\/notas\/wp-content\/uploads\/2010\/03\/Eduardo-V\u00e1zquez-2.jpg\"><img loading=\"lazy\" decoding=\"async\" class=\"alignleft size-full wp-image-4343\" title=\"Eduardo-V\u00e1zquez-2\" src=\"http:\/\/www.elsindical.com.ar\/notas\/var\/www\/html\/notas\/wp-content\/uploads\/2010\/03\/Eduardo-V\u00e1zquez-2.jpg\" alt=\"\" width=\"198\" height=\"149\" \/><\/a>La Justicia orden\u00f3 la detenci\u00f3n de <strong>Eduardo V\u00e1zquez,\u00a0luego de que no se presentara a\u00a0una indagatoria <\/strong>por\u00a0la causa originada en el hallazgo de una\u00a0planta de marihuana en su casa de Mataderos.<\/em><\/p>\n<p style=\"text-align: justify;\">El baterista de Callejeros, Eduardo V\u00e1zquez, <strong>deb\u00eda presentarse hoy ante el juez federal Rodolfo Canicoba Corral \u00abbajo apercibimiento de ordenarse su detenci\u00f3n\u00bb si as\u00ed no lo hiciere,<\/strong> en el marco de una causa por el hallazgo de una planta de marihuana en su casa del barrio porte\u00f1o de Mataderos tras el confuso episodio que provoc\u00f3 la muerte de su mujer, Wanda Taddei. En ese marco, la Polic\u00eda Federal allanaba esta tarde a casa del padre del baterista, para tratar de dar con su paradero.<\/p>\n<p>Sin embargo, esta ma\u00f1ana su abogado present\u00f3 un escrito en que desestimaba el car\u00e1cter de la causa y ped\u00eda la nulidad de la misma. <strong>Tras analizar el documento, el juez Canicoba Corral no hizo lugar al pedido, dio por entendido que el baterista no se present\u00f3 a declarar y orden\u00f3 su detenci\u00f3n<\/strong>.<\/p>\n<p>El m\u00fasico hab\u00eda sido citado a declaraci\u00f3n indagatoria el jueves pasado, pero su defensa solicit\u00f3 la postergaci\u00f3n de la audiencia, lo que deriv\u00f3 en la nueva fecha para hoy y el apercibimiento del magistrado.<\/p>\n<p>Durante las investigaciones por el episodio con su mujer, la Polic\u00eda encontr\u00f3 una planta de marihuana en su casa del barrio porte\u00f1o de Mataderos y V\u00e1zquez qued\u00f3 acusado por tenencia de drogas.<\/p>\n","protected":false},"excerpt":{"rendered":"<p>La Justicia orden\u00f3 la detenci\u00f3n de Eduardo V\u00e1zquez,\u00a0luego de que no se presentara a\u00a0una indagatoria por\u00a0la causa originada en el hallazgo de una\u00a0planta de marihuana en su casa de Mataderos. El baterista de Callejeros, Eduardo V\u00e1zquez, deb\u00eda presentarse hoy ante el juez federal Rodolfo Canicoba Corral \u00abbajo apercibimiento de ordenarse su detenci\u00f3n\u00bb si as\u00ed no&hellip;<\/p>\n","protected":false},"author":1,"featured_media":0,"comment_status":"open","ping_status":"open","sticky":false,"template":"","format":"standard","meta":{"footnotes":""},"categories":[22],"tags":[1816,41,30],"class_list":["post-4342","post","type-post","status-publish","format-standard","hentry","category-policiales","tag-eduardo-vazquez","tag-justicia","tag-policia"],"_links":{"self":[{"href":"https:\/\/www.elsindical.com.ar\/notas\/wp-json\/wp\/v2\/posts\/4342","targetHints":{"allow":["GET"]}}],"collection":[{"href":"https:\/\/www.elsindical.com.ar\/notas\/wp-json\/wp\/v2\/posts"}],"about":[{"href":"https:\/\/www.elsindical.com.ar\/notas\/wp-json\/wp\/v2\/types\/post"}],"author":[{"embeddable":true,"href":"https:\/\/www.elsindical.com.ar\/notas\/wp-json\/wp\/v2\/users\/1"}],"replies":[{"embeddable":true,"href":"https:\/\/www.elsindical.com.ar\/notas\/wp-json\/wp\/v2\/comments?post=4342"}],"version-history":[{"count":1,"href":"https:\/\/www.elsindical.com.ar\/notas\/wp-json\/wp\/v2\/posts\/4342\/revisions"}],"predecessor-version":[{"id":4344,"href":"https:\/\/www.elsindical.com.ar\/notas\/wp-json\/wp\/v2\/posts\/4342\/revisions\/4344"}],"wp:attachment":[{"href":"https:\/\/www.elsindical.com.ar\/notas\/wp-json\/wp\/v2\/media?parent=4342"}],"wp:term":[{"taxonomy":"category","embeddable":true,"href":"https:\/\/www.elsindical.com.ar\/notas\/wp-json\/wp\/v2\/categories?post=4342"},{"taxonomy":"post_tag","embeddable":true,"href":"https:\/\/www.elsindical.com.ar\/notas\/wp-json\/wp\/v2\/tags?post=4342"}],"curies":[{"name":"wp","href":"https:\/\/api.w.org\/{rel}","templated":true}]}}