{"id":4339,"date":"2010-03-08T03:48:51","date_gmt":"2010-03-08T06:48:51","guid":{"rendered":"http:\/\/www.elsindical.com.ar\/notas\/?p=4339"},"modified":"2010-03-08T03:48:51","modified_gmt":"2010-03-08T06:48:51","slug":"el-secreto-de-sus-ojos-se-llevo-el-premio-oscar-a-la-mejor-pelicula-extranjera","status":"publish","type":"post","link":"https:\/\/www.elsindical.com.ar\/notas\/el-secreto-de-sus-ojos-se-llevo-el-premio-oscar-a-la-mejor-pelicula-extranjera\/","title":{"rendered":"\u00abEl Secreto de sus ojos\u00bb se llev\u00f3 el Premio Oscar a la Mejor Pel\u00edcula Extranjera"},"content":{"rendered":"<p style=\"text-align: justify;\"><em><strong><a href=\"http:\/\/www.elsindical.com.ar\/notas\/var\/www\/html\/notas\/wp-content\/uploads\/2010\/03\/El-secreto-de-sus-ojos-afic.jpg\"><img loading=\"lazy\" decoding=\"async\" class=\"alignleft size-full wp-image-4340\" title=\"El-secreto-de-sus-ojos-afic\" src=\"http:\/\/www.elsindical.com.ar\/notas\/var\/www\/html\/notas\/wp-content\/uploads\/2010\/03\/El-secreto-de-sus-ojos-afic.jpg\" alt=\"\" width=\"236\" height=\"169\" \/><\/a>El film dirigido por Juan Jos\u00e9 Campanella se alz\u00f3 con el galard\u00f3n que mantuvo en vilo al pa\u00eds<\/strong>. Es la segunda vez que una cinta argentina se lleva la estatuilla. \u00ab<strong>Vamos Argentina y un abrazo a los hermanos de Chile<\/strong>\u00ab, dijo el cineasta en su\u00a0agradecimiento.<\/em><\/p>\n<p style=\"text-align: justify;\"><strong>\u00abEl secreto de sus ojos\u00bb gan\u00f3 esta madrugada por el Oscar a la Mejor Pel\u00edcula Extranjera<\/strong>, categor\u00eda en la que compiti\u00f3 con la pel\u00edcula peruana \u00abLa teta asustada\u00bb, la israel\u00ed \u00abAjami\u00bb, la francesa \u00abUn profeta\u00bb y la alemana \u00abLa cinta blanca\u00bb.<\/p>\n<p>Al recibir el galard\u00f3n en manos de <strong>Quentin Tarantino y Pedro Almod\u00f3var, <\/strong>Juan Jos\u00e9 Campanella, el director de la cinta,\u00a0le agradeci\u00f3 a todos los que hicieron posible la pel\u00edcula: \u00abEn nombre de un equipo y un elenco formado por gente que quiero mucho que quiero agradecerle a la Academia por el reconocimiento\u00bb.<\/p>\n<p>\u00ab<strong>Gracias, gracias, gracias. Vamos Argentina y un abrazo a los hermanos de Chile\u00bb, finaliz\u00f3 el cineasta. <\/strong>Chile, vecino a la Argentina, sufri\u00f3 hace una semana uno de los peores terremotos de la historia mundial, de magnitud 8,8, y posteriores tsunamis que destruyeron a pueblos y dejaron cientos de muertos.<\/p>\n<p><strong><\/strong>El realizador de \u00abEl secreto de sus ojos\u00bb subi\u00f3 al escenario del Teatro Kodak junto al actor Guillermo Francella y los productores de la Argentina (Vanessa Ragone) y de Espa\u00f1a (Gerardo Herrero). Si bien <strong>el c\u00f3mico argentino no dijo su famosa frase \u00abA comerla\u00bb,<\/strong>\u00a0que reclamaban sus fans desde diversas redes sociales, <strong>sonri\u00f3 conmovido, sin poder creer lo que estaba sucediendo<\/strong>.<br \/>\n\u00a0<br \/>\nMientras que Francella y Campanella participaron de la entrega de los premios, las dem\u00e1s figuras de la pel\u00edcula, entre ellas Ricardo Dar\u00edn, Pablo Rago y Soledad Villamill, siguieron la ceremonia de premiaci\u00f3n por televisi\u00f3n dado que no pudieron viajar a Hollywood y tienen aqu\u00ed diversos compromisos laborales.<\/p>\n<p><strong>Segundo Oscar para la Argentina<\/strong><br \/>\n<strong>La pel\u00edcula de Campanella es el sexto film que Argentina presenta para competir por los Oscar<\/strong>, desde que en la d\u00e9cada del 80 fue reconocida por \u00abLa historia oficial\u00bb, que narraba el caso de una ni\u00f1a apropiada por un matrimonio durante la dictadura militar.<\/p>\n<p><strong>\u00abEl Secreto de sus ojos\u00bb, que en Argentina fue vista por 2,5 millones de personas, cosech\u00f3 diversos galardones<\/strong>, entre ellos el premio Goya a la Mejor Pel\u00edcula Hispanoamericana en Espa\u00f1a y logr\u00f3 distinciones en Cannes, Berlin y el festival de Cine Latinoamericano de La Habana. <strong>Esta es la segunda vez que Campanella compite por un Oscar<\/strong>, luego de haber estado ternado con \u00abEl hijo de la novia\u00bb en el\u00a02002.<\/p>\n<p><strong>\u201cEl secreto de sus ojos\u00bb se basa en la novela de Eduardo Sacheri \u00abLa pregunta de sus ojos\u00bb<\/strong>, que cuenta la historia de Benjam\u00edn Esp\u00f3sito, un empleado judicial que se jubila y comienza a escribir una novela de un crimen del cual fue testigo en 1974. En ese marco, relata la investigaci\u00f3n para hallar al culpable, con la violencia pol\u00edtica y la vida de los porte\u00f1os durante la dictadura militar.<\/p>\n","protected":false},"excerpt":{"rendered":"<p>El film dirigido por Juan Jos\u00e9 Campanella se alz\u00f3 con el galard\u00f3n que mantuvo en vilo al pa\u00eds. Es la segunda vez que una cinta argentina se lleva la estatuilla. \u00abVamos Argentina y un abrazo a los hermanos de Chile\u00ab, dijo el cineasta en su\u00a0agradecimiento. \u00abEl secreto de sus ojos\u00bb gan\u00f3 esta madrugada por el&hellip;<\/p>\n","protected":false},"author":1,"featured_media":0,"comment_status":"open","ping_status":"open","sticky":false,"template":"","format":"standard","meta":{"footnotes":""},"categories":[15],"tags":[127,2250,2251,2252],"class_list":["post-4339","post","type-post","status-publish","format-standard","hentry","category-espectaculos","tag-argentina","tag-el-secreto-de-sus-ojos","tag-oscar","tag-pelicula-extranjera"],"_links":{"self":[{"href":"https:\/\/www.elsindical.com.ar\/notas\/wp-json\/wp\/v2\/posts\/4339","targetHints":{"allow":["GET"]}}],"collection":[{"href":"https:\/\/www.elsindical.com.ar\/notas\/wp-json\/wp\/v2\/posts"}],"about":[{"href":"https:\/\/www.elsindical.com.ar\/notas\/wp-json\/wp\/v2\/types\/post"}],"author":[{"embeddable":true,"href":"https:\/\/www.elsindical.com.ar\/notas\/wp-json\/wp\/v2\/users\/1"}],"replies":[{"embeddable":true,"href":"https:\/\/www.elsindical.com.ar\/notas\/wp-json\/wp\/v2\/comments?post=4339"}],"version-history":[{"count":1,"href":"https:\/\/www.elsindical.com.ar\/notas\/wp-json\/wp\/v2\/posts\/4339\/revisions"}],"predecessor-version":[{"id":4341,"href":"https:\/\/www.elsindical.com.ar\/notas\/wp-json\/wp\/v2\/posts\/4339\/revisions\/4341"}],"wp:attachment":[{"href":"https:\/\/www.elsindical.com.ar\/notas\/wp-json\/wp\/v2\/media?parent=4339"}],"wp:term":[{"taxonomy":"category","embeddable":true,"href":"https:\/\/www.elsindical.com.ar\/notas\/wp-json\/wp\/v2\/categories?post=4339"},{"taxonomy":"post_tag","embeddable":true,"href":"https:\/\/www.elsindical.com.ar\/notas\/wp-json\/wp\/v2\/tags?post=4339"}],"curies":[{"name":"wp","href":"https:\/\/api.w.org\/{rel}","templated":true}]}}