{"id":43337,"date":"2014-06-11T19:53:48","date_gmt":"2014-06-11T22:53:48","guid":{"rendered":"http:\/\/www.elsindical.com.ar\/notas\/?p=43337"},"modified":"2014-06-11T19:53:48","modified_gmt":"2014-06-11T22:53:48","slug":"la-platafusilan-a-fotografo-en-la-puerta-de-la-casa","status":"publish","type":"post","link":"https:\/\/www.elsindical.com.ar\/notas\/la-platafusilan-a-fotografo-en-la-puerta-de-la-casa\/","title":{"rendered":"La Plata:Fusilan a fot\u00f3grafo en la puerta de la casa"},"content":{"rendered":"<p><em><a href=\"http:\/\/www.elsindical.com.ar\/notas\/var\/www\/html\/notas\/wp-content\/uploads\/2014\/06\/Alfredo-Galeano.jpg\"><img loading=\"lazy\" decoding=\"async\" class=\"alignnone size-medium wp-image-43339\" src=\"http:\/\/www.elsindical.com.ar\/notas\/var\/www\/html\/notas\/wp-content\/uploads\/2014\/06\/Alfredo-Galeano-300x193.jpg\" alt=\"Alfredo-Galeano\" width=\"300\" height=\"193\" srcset=\"https:\/\/www.elsindical.com.ar\/notas\/var\/www\/html\/notas\/wp-content\/uploads\/2014\/06\/Alfredo-Galeano-300x193.jpg 300w, https:\/\/www.elsindical.com.ar\/notas\/var\/www\/html\/notas\/wp-content\/uploads\/2014\/06\/Alfredo-Galeano-464x300.jpg 464w, https:\/\/www.elsindical.com.ar\/notas\/var\/www\/html\/notas\/wp-content\/uploads\/2014\/06\/Alfredo-Galeano.jpg 502w\" sizes=\"auto, (max-width: 300px) 100vw, 300px\" \/><\/a>Un hombre de 38 a\u00f1os falleci\u00f3 tras recibir dos disparos mientras ingresaba a su hogar en\u00a0La Plata. A la\u00a0v\u00edctima, que muri\u00f3 en el acto, se le encontraron todas sus pertenencias, por lo que no se descarta un ajuste de cuentas.<\/em><\/p>\n<p>Un fot\u00f3grafo profesional fue asesinado de dos disparos cuando llegaba a su casa en la ciudad de La Plata tras concurrir al cine junto a su esposa, y los investigadores intentan determinar si se trat\u00f3 de un homicidio en ocasi\u00f3n de robo o un crimen vinculado a una venganza.<\/p>\n<p>Fuentes policiales y judiciales aseguraron que el episodio ocurri\u00f3 cerca de las 22.45, cuando <strong>Alfredo Galeano<\/strong> (38) regresaba junto a su esposa en su Chevrolet Corsa de cuatro puertas a su casa de la calle 37, entre 3 y 4, en la zona norte de La Plata.<\/p>\n<p>El titular de la Unidad Funcional de Instrucci\u00f3n (UFI) 6 de La Plata, <strong>Marcelo Romero<\/strong>, asegur\u00f3 en declaraciones a la prensa que Galeano era fot\u00f3grafo profesional que trabajaba de manera independiente en eventos sociales, como fiestas de cumplea\u00f1os o casamientos, entre otros.<\/p>\n<p>Adem\u00e1s, relat\u00f3 que el fot\u00f3grafo hab\u00eda concurrido al cine, junto a su esposa, y a cenar a un local de comidas r\u00e1pidas, para luego regresar a su casa.<\/p>\n<p>Al llegar a su vivienda, seg\u00fan la secuencia que explic\u00f3 el fiscal, la esposa del fot\u00f3grafo baj\u00f3 del auto e ingres\u00f3 a su casa, mientras su marido se qued\u00f3 dentro del veh\u00edculo poni\u00e9ndole la traba volante, para luego cerrar las puertas.<\/p>\n<p>En ese momento, se sospecha que apareci\u00f3 al menos un hombre que, sin mediar palabras, le dispar\u00f3 varios tiros al fot\u00f3grafo y lo mat\u00f3.<\/p>\n<p><em>\u201cEl m\u00e9dico forense dijo que muri\u00f3 casi inmediatamente. Recibi\u00f3 dos disparos, uno en la zona lumbar y otro en la zona occipital. Le tiraron por la espalda\u201d<\/em>, aclar\u00f3\u00a0el fiscal Romero.<\/p>\n<p>El fot\u00f3grafo cay\u00f3 al piso y muri\u00f3, mientras que el atacante escap\u00f3 del lugar sin robar nada.<\/p>\n<p>Los investigadores nos descartaron ninguna hip\u00f3tesis respecto al m\u00f3vil del crimen, aunque aseguraron que el agresor no le rob\u00f3 absolutamente nada a la v\u00edctima.<\/p>\n<p><em>\u201cNo le robaron nada y tiene todo encima. No se encontraron ni se\u00f1ales de lucha. Es m\u00e1s, las llaves del auto estaban en su poder, al igual que sus pertenencias\u201d<\/em>, aclar\u00f3 el fiscal.<\/p>\n<p>Sin embargo, explic\u00f3 que no se descarta ninguna hip\u00f3tesis. <em>\u201cLo \u00fanico que se puede descartar es un suicidio o un accidente\u201d<\/em>, dijo, para graficar.<\/p>\n<p>Por otra parte, los investigadores buscaban esta ma\u00f1ana si alguna casa de la zona cuenta con alguna c\u00e1mara de seguridad que pudiera haber captado el momento del ataque, o al menos la llegada y la fuga del o los delincuentes.<\/p>\n<p><em>\u201cEn la zona no hay c\u00e1maras municipales, pero estamos viendo si hay alguna c\u00e1mara privada\u201d<\/em>, agreg\u00f3 el Fiscal Romero.<\/p>\n<p>Por otra parte, los polic\u00edas que llegaron al lugar no encontraron vainas servidas, por lo que sospechan que el arma utilizada por el homicida fue un rev\u00f3lver.<\/p>\n<p>En tanto, los pesquisas analizaban ahora los \u00faltimos mensajes de texto realizados y recibidos en su tel\u00e9fono celular, para ver si hab\u00eda existido alg\u00fan tipo de intimidaci\u00f3n por parte de alguna persona conocida.<\/p>\n<p>Adem\u00e1s, los investigadores intentaban entrevistarse con conocidos y familiares de la v\u00edctima para poder determinar si hab\u00eda tenido problemas con alguna persona en los \u00faltimos d\u00edas.<\/p>\n<p><em>\u201cA\u00fan no sabemos c\u00f3mo fue la secuencia, ni si intent\u00f3 escapar (al ver a su agresor). No hay testigos presenciales, solo auditivos. A esa hora, no hay circulaci\u00f3n en la zona norte de la ciudad. Est\u00e1 todo el mundo conmocionado\u201d<\/em>, dijo el Fiscal.<\/p>\n","protected":false},"excerpt":{"rendered":"<p>Un hombre de 38 a\u00f1os falleci\u00f3 tras recibir dos disparos mientras ingresaba a su hogar en\u00a0La Plata. A la\u00a0v\u00edctima, que muri\u00f3 en el acto, se le encontraron todas sus pertenencias, por lo que no se descarta un ajuste de cuentas. Un fot\u00f3grafo profesional fue asesinado de dos disparos cuando llegaba a su casa en la&hellip;<\/p>\n","protected":false},"author":1,"featured_media":0,"comment_status":"open","ping_status":"open","sticky":false,"template":"","format":"standard","meta":{"footnotes":""},"categories":[22],"tags":[18972,5684,4303,30,7793],"class_list":["post-43337","post","type-post","status-publish","format-standard","hentry","category-policiales","tag-alfredo-galeano","tag-fiscal-marcelo-romero","tag-fotografo","tag-policia","tag-ufi-6"],"_links":{"self":[{"href":"https:\/\/www.elsindical.com.ar\/notas\/wp-json\/wp\/v2\/posts\/43337","targetHints":{"allow":["GET"]}}],"collection":[{"href":"https:\/\/www.elsindical.com.ar\/notas\/wp-json\/wp\/v2\/posts"}],"about":[{"href":"https:\/\/www.elsindical.com.ar\/notas\/wp-json\/wp\/v2\/types\/post"}],"author":[{"embeddable":true,"href":"https:\/\/www.elsindical.com.ar\/notas\/wp-json\/wp\/v2\/users\/1"}],"replies":[{"embeddable":true,"href":"https:\/\/www.elsindical.com.ar\/notas\/wp-json\/wp\/v2\/comments?post=43337"}],"version-history":[{"count":2,"href":"https:\/\/www.elsindical.com.ar\/notas\/wp-json\/wp\/v2\/posts\/43337\/revisions"}],"predecessor-version":[{"id":43340,"href":"https:\/\/www.elsindical.com.ar\/notas\/wp-json\/wp\/v2\/posts\/43337\/revisions\/43340"}],"wp:attachment":[{"href":"https:\/\/www.elsindical.com.ar\/notas\/wp-json\/wp\/v2\/media?parent=43337"}],"wp:term":[{"taxonomy":"category","embeddable":true,"href":"https:\/\/www.elsindical.com.ar\/notas\/wp-json\/wp\/v2\/categories?post=43337"},{"taxonomy":"post_tag","embeddable":true,"href":"https:\/\/www.elsindical.com.ar\/notas\/wp-json\/wp\/v2\/tags?post=43337"}],"curies":[{"name":"wp","href":"https:\/\/api.w.org\/{rel}","templated":true}]}}