{"id":43334,"date":"2014-06-11T19:43:39","date_gmt":"2014-06-11T22:43:39","guid":{"rendered":"http:\/\/www.elsindical.com.ar\/notas\/?p=43334"},"modified":"2014-06-11T19:43:39","modified_gmt":"2014-06-11T22:43:39","slug":"independiente-nuevamente-en-primera","status":"publish","type":"post","link":"https:\/\/www.elsindical.com.ar\/notas\/independiente-nuevamente-en-primera\/","title":{"rendered":"Independiente nuevamente en primera"},"content":{"rendered":"<p><em><strong><a href=\"http:\/\/www.elsindical.com.ar\/notas\/var\/www\/html\/notas\/wp-content\/uploads\/2014\/06\/festejos-Independiente.jpg\"><img loading=\"lazy\" decoding=\"async\" class=\"alignnone size-medium wp-image-43335\" src=\"http:\/\/www.elsindical.com.ar\/notas\/var\/www\/html\/notas\/wp-content\/uploads\/2014\/06\/festejos-Independiente-300x168.jpg\" alt=\"festejos-Independiente\" width=\"300\" height=\"168\" srcset=\"https:\/\/www.elsindical.com.ar\/notas\/var\/www\/html\/notas\/wp-content\/uploads\/2014\/06\/festejos-Independiente-300x168.jpg 300w, https:\/\/www.elsindical.com.ar\/notas\/var\/www\/html\/notas\/wp-content\/uploads\/2014\/06\/festejos-Independiente-500x280.jpg 500w, https:\/\/www.elsindical.com.ar\/notas\/var\/www\/html\/notas\/wp-content\/uploads\/2014\/06\/festejos-Independiente.jpg 502w\" sizes=\"auto, (max-width: 300px) 100vw, 300px\" \/><\/a>Mart\u00edn Zapata y Francisco Pizzini marcaron los goles del \u00abRojo\u00bb,<\/strong> que consigui\u00f3 la victoria por 2 a 0 en el partido desempate, y logr\u00f3 el ascenso despu\u00e9s de una temporada en la que sufri\u00f3 una profunda crisis institucional.<\/em><\/p>\n<p><strong>Independiente es de Primera otra vez<\/strong>. Volvi\u00f3 a la categor\u00eda donde supo hacer historia despu\u00e9s de un a\u00f1o de sufrimiento en el Nacional B. El \u00abRojo\u00bb le gan\u00f3 a Hurac\u00e1n en La Plata y concret\u00f3 su tan ansiado y so\u00f1ado regreso a Primera.<\/p>\n<p><strong>El \u00abRojo\u00bb le gan\u00f3 al \u00abGlobo\u00bb 2 a 0 y concret\u00f3 el ascenso con lo justo.<\/strong> Jug\u00f3 en el primer tiempo y resisti\u00f3 en el segundo. Se hizo fuerte en la primera parte y se dedic\u00f3 a pelear la pelota en los \u00faltimos minutos de un encuentro que termin\u00f3 bajo la lluvia y con las l\u00e1grimas de impotencia y felicidad mezcladas en el pasto.<\/p>\n<p>&nbsp;<\/p>\n","protected":false},"excerpt":{"rendered":"<p>Mart\u00edn Zapata y Francisco Pizzini marcaron los goles del \u00abRojo\u00bb, que consigui\u00f3 la victoria por 2 a 0 en el partido desempate, y logr\u00f3 el ascenso despu\u00e9s de una temporada en la que sufri\u00f3 una profunda crisis institucional. Independiente es de Primera otra vez. Volvi\u00f3 a la categor\u00eda donde supo hacer historia despu\u00e9s de un&hellip;<\/p>\n","protected":false},"author":1,"featured_media":0,"comment_status":"open","ping_status":"open","sticky":false,"template":"","format":"standard","meta":{"footnotes":""},"categories":[7],"tags":[18971,4449,18970],"class_list":["post-43334","post","type-post","status-publish","format-standard","hentry","category-deportes","tag-francisco-pizzini","tag-independiente","tag-martin-zapata"],"_links":{"self":[{"href":"https:\/\/www.elsindical.com.ar\/notas\/wp-json\/wp\/v2\/posts\/43334","targetHints":{"allow":["GET"]}}],"collection":[{"href":"https:\/\/www.elsindical.com.ar\/notas\/wp-json\/wp\/v2\/posts"}],"about":[{"href":"https:\/\/www.elsindical.com.ar\/notas\/wp-json\/wp\/v2\/types\/post"}],"author":[{"embeddable":true,"href":"https:\/\/www.elsindical.com.ar\/notas\/wp-json\/wp\/v2\/users\/1"}],"replies":[{"embeddable":true,"href":"https:\/\/www.elsindical.com.ar\/notas\/wp-json\/wp\/v2\/comments?post=43334"}],"version-history":[{"count":1,"href":"https:\/\/www.elsindical.com.ar\/notas\/wp-json\/wp\/v2\/posts\/43334\/revisions"}],"predecessor-version":[{"id":43336,"href":"https:\/\/www.elsindical.com.ar\/notas\/wp-json\/wp\/v2\/posts\/43334\/revisions\/43336"}],"wp:attachment":[{"href":"https:\/\/www.elsindical.com.ar\/notas\/wp-json\/wp\/v2\/media?parent=43334"}],"wp:term":[{"taxonomy":"category","embeddable":true,"href":"https:\/\/www.elsindical.com.ar\/notas\/wp-json\/wp\/v2\/categories?post=43334"},{"taxonomy":"post_tag","embeddable":true,"href":"https:\/\/www.elsindical.com.ar\/notas\/wp-json\/wp\/v2\/tags?post=43334"}],"curies":[{"name":"wp","href":"https:\/\/api.w.org\/{rel}","templated":true}]}}