{"id":43250,"date":"2014-06-09T11:37:32","date_gmt":"2014-06-09T14:37:32","guid":{"rendered":"http:\/\/www.elsindical.com.ar\/notas\/?p=43250"},"modified":"2014-06-09T11:37:32","modified_gmt":"2014-06-09T14:37:32","slug":"denuncian-que-ferraresi-echo-al-hermano-del-diputado-doval","status":"publish","type":"post","link":"https:\/\/www.elsindical.com.ar\/notas\/denuncian-que-ferraresi-echo-al-hermano-del-diputado-doval\/","title":{"rendered":"Denuncian que Ferraresi ech\u00f3 al hermano del diputado Doval"},"content":{"rendered":"<p><em><a href=\"http:\/\/www.elsindical.com.ar\/notas\/var\/www\/html\/notas\/wp-content\/uploads\/2014\/01\/Hern\u00e1n-Doval.jpg\"><img loading=\"lazy\" decoding=\"async\" class=\"alignnone size-medium wp-image-40531\" src=\"http:\/\/www.elsindical.com.ar\/notas\/var\/www\/html\/notas\/wp-content\/uploads\/2014\/01\/Hern\u00e1n-Doval-300x300.jpg\" alt=\"Hern\u00e1n-Doval\" width=\"300\" height=\"300\" srcset=\"https:\/\/www.elsindical.com.ar\/notas\/var\/www\/html\/notas\/wp-content\/uploads\/2014\/01\/Hern\u00e1n-Doval-300x300.jpg 300w, https:\/\/www.elsindical.com.ar\/notas\/var\/www\/html\/notas\/wp-content\/uploads\/2014\/01\/Hern\u00e1n-Doval-150x150.jpg 150w, https:\/\/www.elsindical.com.ar\/notas\/var\/www\/html\/notas\/wp-content\/uploads\/2014\/01\/Hern\u00e1n-Doval.jpg 443w\" sizes=\"auto, (max-width: 300px) 100vw, 300px\" \/><\/a>Fuentes del Sindicato de Municipales alertaron sobre \u201cla extra\u00f1a conducta del Intendente\u201d. Los trabajadores advierten que despidieron a otras cuatro personas. Vinculan esto al Programa de Viviendas para trabajadores Municipales.<\/em><\/p>\n<p>Un clima enrarecido se vive en Avellaneda al conocerse la decisi\u00f3n del intendente Jorge Ferraresi de echar a cuatro trabajadores municipales que comandan la Juventud de Trabajadores Municipales de Avellaneda y que son miembros de la Comisi\u00f3n Directiva del Sindicato de Trabajadores Municipales de Avellaneda (STMA) y de la Mutual de Trabajadores Municipales de Avellaneda (MUTRAMA).<\/p>\n<p>Una de las sorpresas tiene que ver con que el Programa de Viviendas para trabajadores municipales que Ferraresi llev\u00f3 adelante con la Mutual de Municipales fue articulado y trabajado por estos dirigentes.<\/p>\n<p>Mat\u00edas Di Iorio, que prestaba servicio en la Delegaci\u00f3n Avellaneda, es subsecretario de Cultura del Sindicato y revisor de Cuentas titular de la Mutual y tiene 6 a\u00f1os de antig\u00fcedad como trabajador municipal. Gaspar Mart\u00ednez prestaba servicios en la Direcci\u00f3n de Pol\u00edticas Socioeducativas, que es nieto del famoso escritor de Avellaneda Horacio Ramos, es subsecretario de Turismo del Sindicato y ten\u00eda una antig\u00fcedad de 4 a\u00f1os. Marianela Carzoglio es subsecretaria de la Mujer del Sindicato y revisora de Cuentas ritular de la Mutual, prestaba servicios en la Secretar\u00eda Privada y cuenta con 9 a\u00f1os de antig\u00fcedad.<\/p>\n<p>El caso m\u00e1s curioso es el del subsecretario de Juventud del Sindicato de Trabajadores Municipales, presidente de la Juventud de Trabajadores Municipales de Avellaneda y 1\u00ba vocal titular de la Mutual, Leandro Doval. Tambi\u00e9n cuenta con 9 a\u00f1os de antig\u00fcedad, prestaba servicios en la Secretar\u00eda Privada y es hermano del diputado provincial Hern\u00e1n Doval.<\/p>\n<p>Fuentes del Sindicato aseguran que los dirigentes est\u00e1n protegidos por la Ley 23551 de Asociaciones Profesionales y que, de no haber sido un error que la Municipalidad ha cometido sin intenci\u00f3n, la v\u00eda legal restablecer\u00e1 a los trabajadores en sus puestos de trabajo. Resaltan desde la asociaci\u00f3n sindical su car\u00e1cter de trabajadores con derechos que, en algunos casos cobraban menos de dos mil pesos por mes y ninguno, con alguna bonificaci\u00f3n, superaba los tres mil quinientos. As\u00ed, en el terreno gremial, el futuro se muestra bastante previsible: reclamos correspondientes e instancias judiciales con la Ley 23551 de fundamento.<\/p>\n<p>La incertidumbre recae en el aspecto pol\u00edtico, ya que hasta ahora el diputado provincial Hern\u00e1n Doval se mostr\u00f3 como un firme aliado pol\u00edtico del Intendente, incluso presentando proyectos en la Legislatura a pedido del alcalde, como la declaraci\u00f3n de Ciudad a Dock Sud. Pero no es necesario analizar demasiado para darse cuenta de que Ferraresi viene socavando esa alianza porque ve en Doval un posible adversario para el 2015. No s\u00f3lo con estas cesant\u00edas de trabajadores, donde uno de ellos es nada m\u00e1s y nada menos que el hermano del diputado, y el resto forma parte de sus colaboradores m\u00e1s \u00edntimos, sino tambi\u00e9n auspiciando desde principio de a\u00f1o la formaci\u00f3n de un sindicato paralelo sostenido desde su propia Agrupaci\u00f3n Eva Per\u00f3n, que responda a sus directivas.<\/p>\n","protected":false},"excerpt":{"rendered":"<p>Fuentes del Sindicato de Municipales alertaron sobre \u201cla extra\u00f1a conducta del Intendente\u201d. Los trabajadores advierten que despidieron a otras cuatro personas. Vinculan esto al Programa de Viviendas para trabajadores Municipales. Un clima enrarecido se vive en Avellaneda al conocerse la decisi\u00f3n del intendente Jorge Ferraresi de echar a cuatro trabajadores municipales que comandan la Juventud&hellip;<\/p>\n","protected":false},"author":1,"featured_media":0,"comment_status":"open","ping_status":"open","sticky":false,"template":"","format":"standard","meta":{"footnotes":""},"categories":[16],"tags":[18939,461,1062,18938,17285,3141],"class_list":["post-43250","post","type-post","status-publish","format-standard","hentry","category-gremiales","tag-asociaciones-profesionales","tag-avellaneda","tag-jorge-ferraresi","tag-ley-23551","tag-mutrama","tag-stma"],"_links":{"self":[{"href":"https:\/\/www.elsindical.com.ar\/notas\/wp-json\/wp\/v2\/posts\/43250","targetHints":{"allow":["GET"]}}],"collection":[{"href":"https:\/\/www.elsindical.com.ar\/notas\/wp-json\/wp\/v2\/posts"}],"about":[{"href":"https:\/\/www.elsindical.com.ar\/notas\/wp-json\/wp\/v2\/types\/post"}],"author":[{"embeddable":true,"href":"https:\/\/www.elsindical.com.ar\/notas\/wp-json\/wp\/v2\/users\/1"}],"replies":[{"embeddable":true,"href":"https:\/\/www.elsindical.com.ar\/notas\/wp-json\/wp\/v2\/comments?post=43250"}],"version-history":[{"count":1,"href":"https:\/\/www.elsindical.com.ar\/notas\/wp-json\/wp\/v2\/posts\/43250\/revisions"}],"predecessor-version":[{"id":43251,"href":"https:\/\/www.elsindical.com.ar\/notas\/wp-json\/wp\/v2\/posts\/43250\/revisions\/43251"}],"wp:attachment":[{"href":"https:\/\/www.elsindical.com.ar\/notas\/wp-json\/wp\/v2\/media?parent=43250"}],"wp:term":[{"taxonomy":"category","embeddable":true,"href":"https:\/\/www.elsindical.com.ar\/notas\/wp-json\/wp\/v2\/categories?post=43250"},{"taxonomy":"post_tag","embeddable":true,"href":"https:\/\/www.elsindical.com.ar\/notas\/wp-json\/wp\/v2\/tags?post=43250"}],"curies":[{"name":"wp","href":"https:\/\/api.w.org\/{rel}","templated":true}]}}