{"id":43201,"date":"2014-06-07T15:50:06","date_gmt":"2014-06-07T18:50:06","guid":{"rendered":"http:\/\/www.elsindical.com.ar\/notas\/?p=43201"},"modified":"2014-06-07T15:50:06","modified_gmt":"2014-06-07T18:50:06","slug":"lomas-de-zamorala-familia-galarza-apunta-contra-fiscales-por-trabajar-mal-la-causa","status":"publish","type":"post","link":"https:\/\/www.elsindical.com.ar\/notas\/lomas-de-zamorala-familia-galarza-apunta-contra-fiscales-por-trabajar-mal-la-causa\/","title":{"rendered":"Lomas de Zamora:La familia Galarza apunta contra fiscales por trabajar mal la causa"},"content":{"rendered":"<p><em><a href=\"http:\/\/www.elsindical.com.ar\/notas\/var\/www\/html\/notas\/wp-content\/uploads\/2014\/06\/Ezequiel-Galarza-y-Johanna-.jpg\"><img loading=\"lazy\" decoding=\"async\" class=\"alignnone size-medium wp-image-43202\" src=\"http:\/\/www.elsindical.com.ar\/notas\/var\/www\/html\/notas\/wp-content\/uploads\/2014\/06\/Ezequiel-Galarza-y-Johanna--300x225.jpg\" alt=\"Ezequiel-Galarza-y-Johanna-\" width=\"300\" height=\"225\" srcset=\"https:\/\/www.elsindical.com.ar\/notas\/var\/www\/html\/notas\/wp-content\/uploads\/2014\/06\/Ezequiel-Galarza-y-Johanna--300x225.jpg 300w, https:\/\/www.elsindical.com.ar\/notas\/var\/www\/html\/notas\/wp-content\/uploads\/2014\/06\/Ezequiel-Galarza-y-Johanna--399x300.jpg 399w, https:\/\/www.elsindical.com.ar\/notas\/var\/www\/html\/notas\/wp-content\/uploads\/2014\/06\/Ezequiel-Galarza-y-Johanna-.jpg 531w\" sizes=\"auto, (max-width: 300px) 100vw, 300px\" \/><\/a>Failiares del joven que fue asesinado en la puerta del boliche Petrus de Ingeniero Budge aguardan por la designaci\u00f3n de fecha y tribunal para el juicio oral y reconocieron que siguen \u00abdisconformes con el manejo que se hizo de la causa y por como trabajaron en la fiscal\u00eda\u00bb. La madre de Ezequiel, Vilma Corcilli, reiter\u00f3 las quejas y el pedido para cambiar la fiscal\u00eda.<\/em><\/p>\n<p>Si bien el caso fue elevado a juicio oral y p\u00fablico a principios de abril, a\u00fan resta conocer la fecha y tribunal en el que ser\u00e1n juzgados los dos imputados por el doble crimen de Ingeniero Budge. Familiares de las v\u00edctimas aguardan el inicio del juicio, pero reiteraron las cr\u00edticas a la investigaci\u00f3n. Ezequiel Galarza y Johanna Garc\u00eda fueron asesinados el 1 de abril del a\u00f1o pasado.<\/p>\n<p>\u201cSeguimos disconformes con el manejo que se hizo de la causa y por como trabajaron en la fiscal\u00eda. Soltaron a tres de los cinco acusados, que eran los ocupantes del auto desde donde dispararon a Johanna y a mi hijo. Y a uno dej\u00f3 que no declarara porque se present\u00f3 borracho. Es una verg\u00fcenza\u201d, se quej\u00f3 la madre de Ezequiel, Vilma Corcilli.<\/p>\n<p>Adem\u00e1s, Corcilli recalc\u00f3 que a\u00fan no recibieron respuesta a la denuncia formal que su abogado, Gustavo Mendieta, hab\u00eda presentado el pasado 14 de abril ante el Departamento Judicial de Lomas de Zamora para que se cambie a la Fiscal\u00eda 1 de Responsabilidad Penal Juvenil, encargada del caso, y se investigue a los fiscales, a los due\u00f1os del boliche y a los funcionarios a cargo de la inspecci\u00f3n del establecimiento.<\/p>\n<p>\u201cVamos una vez por semana a Tribunales para ver qu\u00e9 novedades hay en la causa y no pasa nada. Est\u00e1 todo quieto y vamos a seguir insistiendo para que esto no quede en la nada. Para que no sea un asesinato m\u00e1s que pas\u00f3 en Ingeniero Budge\u201d, apunt\u00f3 la madre de Ezequiel.<\/p>\n<p>El caso fue elevado a juicio oral y p\u00fablico durante los primeros d\u00edas de abril. Ser\u00e1n juzgados los dos imputados en la causa: el presunto ejecutor de los disparos, Nicol\u00e1s Ayala, que es el \u00fanico detenido por el crimen, y tambi\u00e9n el conductor del auto desde donde se efectuaron los disparos, Jonathan Enrique, por \u201cencubrimiento\u201d. \u201cYa no queda m\u00e1s por hacer. Intentamos muchas movidas y ahora solo resta esperar al juicio\u201d, complet\u00f3 Corcilli.<\/p>\n<p>Johanna Garc\u00eda y Ezequiel Galarza estaban el 1 de abril en inmediaciones del boliche Petrus, ubicado en la esquina de San Juan y Olimpo, Ingeniero Budge, mirando una pelea entre dos grupos. En ese el momento, se acerc\u00f3 un auto y sus ocupantes comenzaron a disparar a la multitud. Jonathan muri\u00f3 de un disparo en la cabeza, mientras que la joven falleci\u00f3 tras recibir un balazo en un pulm\u00f3n.<\/p>\n<p>A pesar de las m\u00faltiples denuncias de delitos que van desde el narcotr\u00e1fico a la trata de personas que vincula a los due\u00f1os de Petrus con efectivos policiales y delincuentes, las investigaciones en el Departamento Judicial de Lomas de Zamora parecen nunca avanzar.<\/p>\n","protected":false},"excerpt":{"rendered":"<p>Failiares del joven que fue asesinado en la puerta del boliche Petrus de Ingeniero Budge aguardan por la designaci\u00f3n de fecha y tribunal para el juicio oral y reconocieron que siguen \u00abdisconformes con el manejo que se hizo de la causa y por como trabajaron en la fiscal\u00eda\u00bb. La madre de Ezequiel, Vilma Corcilli, reiter\u00f3&hellip;<\/p>\n","protected":false},"author":1,"featured_media":0,"comment_status":"open","ping_status":"open","sticky":false,"template":"","format":"standard","meta":{"footnotes":""},"categories":[6],"tags":[363,18917,18918,744,15716],"class_list":["post-43201","post","type-post","status-publish","format-standard","hentry","category-denuncias","tag-asesinato","tag-ezequiel-galarza","tag-johanna-garcia","tag-lomas-de-zamora","tag-petrus"],"_links":{"self":[{"href":"https:\/\/www.elsindical.com.ar\/notas\/wp-json\/wp\/v2\/posts\/43201","targetHints":{"allow":["GET"]}}],"collection":[{"href":"https:\/\/www.elsindical.com.ar\/notas\/wp-json\/wp\/v2\/posts"}],"about":[{"href":"https:\/\/www.elsindical.com.ar\/notas\/wp-json\/wp\/v2\/types\/post"}],"author":[{"embeddable":true,"href":"https:\/\/www.elsindical.com.ar\/notas\/wp-json\/wp\/v2\/users\/1"}],"replies":[{"embeddable":true,"href":"https:\/\/www.elsindical.com.ar\/notas\/wp-json\/wp\/v2\/comments?post=43201"}],"version-history":[{"count":1,"href":"https:\/\/www.elsindical.com.ar\/notas\/wp-json\/wp\/v2\/posts\/43201\/revisions"}],"predecessor-version":[{"id":43203,"href":"https:\/\/www.elsindical.com.ar\/notas\/wp-json\/wp\/v2\/posts\/43201\/revisions\/43203"}],"wp:attachment":[{"href":"https:\/\/www.elsindical.com.ar\/notas\/wp-json\/wp\/v2\/media?parent=43201"}],"wp:term":[{"taxonomy":"category","embeddable":true,"href":"https:\/\/www.elsindical.com.ar\/notas\/wp-json\/wp\/v2\/categories?post=43201"},{"taxonomy":"post_tag","embeddable":true,"href":"https:\/\/www.elsindical.com.ar\/notas\/wp-json\/wp\/v2\/tags?post=43201"}],"curies":[{"name":"wp","href":"https:\/\/api.w.org\/{rel}","templated":true}]}}