{"id":43195,"date":"2014-06-07T14:14:53","date_gmt":"2014-06-07T17:14:53","guid":{"rendered":"http:\/\/www.elsindical.com.ar\/notas\/?p=43195"},"modified":"2014-06-07T14:14:53","modified_gmt":"2014-06-07T17:14:53","slug":"mar-del-platadetienen-a-policias-bonaerenses-por-robar-drogas-y-utilizarlas-luego-para-armar-causas","status":"publish","type":"post","link":"https:\/\/www.elsindical.com.ar\/notas\/mar-del-platadetienen-a-policias-bonaerenses-por-robar-drogas-y-utilizarlas-luego-para-armar-causas\/","title":{"rendered":"Mar del Plata:Detienen a polic\u00edas bonaerenses por robar drogas y utilizarlas luego para \u00abarmar\u00bb causas"},"content":{"rendered":"<p class=\"p1 newDetailTextChange\"><em><a href=\"http:\/\/www.elsindical.com.ar\/notas\/var\/www\/html\/notas\/wp-content\/uploads\/2014\/06\/Comisario-Mayor-Dar\u00edo-Iba\u00f1e.jpg\"><img loading=\"lazy\" decoding=\"async\" class=\"alignnone size-medium wp-image-43196\" src=\"http:\/\/www.elsindical.com.ar\/notas\/var\/www\/html\/notas\/wp-content\/uploads\/2014\/06\/Comisario-Mayor-Dar\u00edo-Iba\u00f1e-300x222.jpg\" alt=\"Comisario-Mayor-Dar\u00edo-Iba\u00f1e\" width=\"300\" height=\"222\" srcset=\"https:\/\/www.elsindical.com.ar\/notas\/var\/www\/html\/notas\/wp-content\/uploads\/2014\/06\/Comisario-Mayor-Dar\u00edo-Iba\u00f1e-300x222.jpg 300w, https:\/\/www.elsindical.com.ar\/notas\/var\/www\/html\/notas\/wp-content\/uploads\/2014\/06\/Comisario-Mayor-Dar\u00edo-Iba\u00f1e-405x300.jpg 405w, https:\/\/www.elsindical.com.ar\/notas\/var\/www\/html\/notas\/wp-content\/uploads\/2014\/06\/Comisario-Mayor-Dar\u00edo-Iba\u00f1e.jpg 443w\" sizes=\"auto, (max-width: 300px) 100vw, 300px\" \/><\/a>Los efectivos pertenecen a la fuerza bonaerense y fueron detenidos junto a un quinto hombre civil, que fue hallado baleado en un hospital, culpados de haber robado tres kilos de coca\u00edna a un narco. El episodio se dio en Mar del Plata.<\/em><\/p>\n<p><b>Cuatro polic\u00edas bonaerenses<\/b> fueron detenidos junto a un quinto hombre civil, que fue hallado baleado en un hospital, acusados de haber robado tres kilos de coca\u00edna a un narco para luego \u00abplantarla\u00bb en operativos y \u00abarmar\u00bb causas, en la ciudad de <b>Mar del Plata<\/b>, informaron fuentes judiciales y de la fuerza.<\/p>\n<p>En tanto, una sexta persona acusada de participar de las maniobras, no hab\u00eda sido localizada hasta esta tarde y era intensamente buscada.<\/p>\n<p>Las detenciones las concret\u00f3 el titular de la Jefatura Departamental de Mar del Plata, Comisario Mayor <b>Dar\u00edo Iba\u00f1ez<\/b>, quien convoc\u00f3 ayer a la ma\u00f1ana a los sospechosos a una supuesta reuni\u00f3n en esa dependencia, detallaron voceros de la pesquisa.<\/p>\n<p>Si bien la Justicia Federal, a cargo de la causa, encomend\u00f3 la investigaci\u00f3n a la Prefectura Naval, el operativo de arresto lo hizo el jefe de la Polic\u00eda de Mar del Plata.<\/p>\n<p>Fue as\u00ed que durante la ma\u00f1ana se presentaron en la sede policial los efectivos investigados, identificados como el subcomisario Leandro Arenas, quien se iba a desempe\u00f1ar como jefe de turno del servicio; <b>el oficial Principal Laureano P\u00e9rez, jefe del destacamento El Marquesado; el Sargento Abel Palomino y el Subteniente Daniel Ezcurra. <\/b><\/p>\n<p>Una vez frente a ellos, el Comisario Ib\u00e1\u00f1ez, en presencia de las autoridades judiciales, les notific\u00f3 las respectivas imputaciones y les inform\u00f3 que quedaban detenidos.<\/p>\n<p>Con diferentes grados de participaci\u00f3n, los polic\u00edas quedaron imputados por los delitos de <b>\u00abfalsedad ideol\u00f3gica de documento p\u00fablico y tenencia de estupefaciente\u00bb. <\/b><\/p>\n<p>Inmediatamente, por determinaci\u00f3n de la Justicia federal, los cuatro fueron trasladados a la ciudad bonaerense de Dolores, distante a 200 kil\u00f3metros de Mar del Plata.<\/p>\n<p>Los voceros explicaron que en la misma orden de arresto de los polic\u00edas figuraban otros dos hombres que no pertenecen a la fuerza, uno de los cuales ayer mismo por la tarde ingres\u00f3 herido de cinco balazos al Hospital Interzonal de Mar del Plata.<\/p>\n<p>Seg\u00fan las fuentes, el baleado, identificado por su apellido como Cortardi, hab\u00eda sido atacado en Mar del Plata por un joven que, durante una discusi\u00f3n, le efectu\u00f3 cinco disparos.<\/p>\n<p>Al ingresar al hospital con heridas de arma de fuego, las autoridades de guardia avisaron a la Polic\u00eda, que estableci\u00f3 que se trataba de uno de los dos hombres que ten\u00edan pedido de captura en la misma causa de los efectivos detenidos.<\/p>\n<p>La Justicia y la Polic\u00eda investigan ahora si el ataque a ese sospechoso pudo relacionarse con el arresto de los polic\u00edas y si efectivamente el herido integraba una banda mixta con esos efectivos y un restante civil, a\u00fan pr\u00f3fugo.<\/p>\n<p>Sobre el ataque a balazos de Cortardi las fuentes dijeron que se produjo ayer a la tarde cuando iba con su esposa a bordo de un Renault Clio y al llegar al cruce de las calles Champagnat y 12 de octubre, se baj\u00f3 del auto para conversar con un joven de 20 a\u00f1os.<\/p>\n<p>Durante una discusi\u00f3n, el muchacho extrajo un arma y le efectu\u00f3 cinco disparos, tras lo cual huy\u00f3, aunque a la noche fue detenido, precisaron los voceros.<\/p>\n<p>La pesquisa en la que los polic\u00edas est\u00e1n acusados se inici\u00f3 en 2011, cuando personal de la Fiscal\u00eda especializada en Estupefacientes descubri\u00f3 ciertas irregularidades en un operativo de droga.<\/p>\n<p>En ese procedimiento hab\u00eda participado personal de la seccional de Sierra de Los Padres, cuyo accionar comenz\u00f3 a investigarse.<\/p>\n<p>La sospecha es que los efectivos contaban con el apoyo de al menos otras dos personas que no pertenec\u00edan a la fuerza policial, con quienes le \u00abmejicanearon\u00bb a un narco tres kilos de coca\u00edna.<\/p>\n<p>A trav\u00e9s de escuchas telef\u00f3nicas y otros elementos reunidos durante la investigaci\u00f3n instruida por el juez Federal Santiago Inchausti, el Fiscal Daniel Adler y el Fiscal Federal Pablo Larriera, se constat\u00f3 que 10 tizas de coca\u00edna que formaban parte de esa droga robada al narco apareci\u00f3 \u00abplantada\u00bb en otro operativo realizado a un hombre, en el que declar\u00f3 como testigo justamente Cortardi, acusado de integrar la banda mixta junto a los polic\u00edas.<\/p>\n<p>Estos mismos polic\u00edas, seg\u00fan la pesquisa, habr\u00edan desplegado la misma maniobra en otros procedimientos y con el fin de aumentar la cantidad de detenidos o de secuestro de estupefacientes en las estad\u00edsticas.<\/p>\n","protected":false},"excerpt":{"rendered":"<p>Los efectivos pertenecen a la fuerza bonaerense y fueron detenidos junto a un quinto hombre civil, que fue hallado baleado en un hospital, culpados de haber robado tres kilos de coca\u00edna a un narco. El episodio se dio en Mar del Plata. Cuatro polic\u00edas bonaerenses fueron detenidos junto a un quinto hombre civil, que fue&hellip;<\/p>\n","protected":false},"author":1,"featured_media":0,"comment_status":"open","ping_status":"open","sticky":false,"template":"","format":"standard","meta":{"footnotes":""},"categories":[22],"tags":[18909,18911,18910,18912,18913],"class_list":["post-43195","post","type-post","status-publish","format-standard","hentry","category-policiales","tag-comisario-mayor-dario-ibanez","tag-destacamento-el-marquesado","tag-principal-laureano-perez","tag-sargento-abel-palomino","tag-subteniente-daniel-ezcurra"],"_links":{"self":[{"href":"https:\/\/www.elsindical.com.ar\/notas\/wp-json\/wp\/v2\/posts\/43195","targetHints":{"allow":["GET"]}}],"collection":[{"href":"https:\/\/www.elsindical.com.ar\/notas\/wp-json\/wp\/v2\/posts"}],"about":[{"href":"https:\/\/www.elsindical.com.ar\/notas\/wp-json\/wp\/v2\/types\/post"}],"author":[{"embeddable":true,"href":"https:\/\/www.elsindical.com.ar\/notas\/wp-json\/wp\/v2\/users\/1"}],"replies":[{"embeddable":true,"href":"https:\/\/www.elsindical.com.ar\/notas\/wp-json\/wp\/v2\/comments?post=43195"}],"version-history":[{"count":1,"href":"https:\/\/www.elsindical.com.ar\/notas\/wp-json\/wp\/v2\/posts\/43195\/revisions"}],"predecessor-version":[{"id":43197,"href":"https:\/\/www.elsindical.com.ar\/notas\/wp-json\/wp\/v2\/posts\/43195\/revisions\/43197"}],"wp:attachment":[{"href":"https:\/\/www.elsindical.com.ar\/notas\/wp-json\/wp\/v2\/media?parent=43195"}],"wp:term":[{"taxonomy":"category","embeddable":true,"href":"https:\/\/www.elsindical.com.ar\/notas\/wp-json\/wp\/v2\/categories?post=43195"},{"taxonomy":"post_tag","embeddable":true,"href":"https:\/\/www.elsindical.com.ar\/notas\/wp-json\/wp\/v2\/tags?post=43195"}],"curies":[{"name":"wp","href":"https:\/\/api.w.org\/{rel}","templated":true}]}}