{"id":43145,"date":"2014-06-06T02:57:20","date_gmt":"2014-06-06T05:57:20","guid":{"rendered":"http:\/\/www.elsindical.com.ar\/notas\/?p=43145"},"modified":"2014-06-06T02:57:20","modified_gmt":"2014-06-06T05:57:20","slug":"reeligieron-a-molea-para-el-consejo-de-la-magistratura","status":"publish","type":"post","link":"https:\/\/www.elsindical.com.ar\/notas\/reeligieron-a-molea-para-el-consejo-de-la-magistratura\/","title":{"rendered":"Reeligieron a Molea para el Consejo de la Magistratura"},"content":{"rendered":"<p><em><a href=\"http:\/\/www.elsindical.com.ar\/notas\/var\/www\/html\/notas\/wp-content\/uploads\/2014\/06\/DSC_2022.jpg\"><img loading=\"lazy\" decoding=\"async\" class=\"alignnone size-medium wp-image-43147\" src=\"http:\/\/www.elsindical.com.ar\/notas\/var\/www\/html\/notas\/wp-content\/uploads\/2014\/06\/DSC_2022-300x198.jpg\" alt=\"DSC_2022\" width=\"300\" height=\"198\" srcset=\"https:\/\/www.elsindical.com.ar\/notas\/var\/www\/html\/notas\/wp-content\/uploads\/2014\/06\/DSC_2022-300x198.jpg 300w, https:\/\/www.elsindical.com.ar\/notas\/var\/www\/html\/notas\/wp-content\/uploads\/2014\/06\/DSC_2022-453x300.jpg 453w, https:\/\/www.elsindical.com.ar\/notas\/var\/www\/html\/notas\/wp-content\/uploads\/2014\/06\/DSC_2022.jpg 502w\" sizes=\"auto, (max-width: 300px) 100vw, 300px\" \/><\/a>Diego Molea fue reelegido como consejero de la Magistratura de la Provincia de Buenos Aires en representaci\u00f3n de los abogados. El titular del Colegio de Abogados del Departamento Judicial de Lomas de Zamora (CALZ) obtuvo el apoyo un\u00e1nime para representar a sus colegas en el cuerpo que selecciona a los magistrados en el per\u00edodo 2014-2018.<\/em><\/p>\n<p>La votaci\u00f3n se llev\u00f3 a cabo este mediod\u00eda en una sesi\u00f3n extraordinaria del Consejo Superior del Colegio de Abogados de la Provincia de Buenos Aires con la presencia de los presidentes de los colegios departamentales.<\/p>\n<p>Tras el encuentro con sus pares, Molea expres\u00f3: \u201cEs un honor para m\u00ed volver a ser elegido para representar a los colegas en el Consejo. Voy a continuar mi tarea con el objetivo de realizar aportes tendientes a mejorar el servicio de administraci\u00f3n de Justicia\u201d, y se\u00f1al\u00f3 que \u201cel mandato de los colegas es claro y lo voy a seguir llevando adelante en este segundo per\u00edodo que comienza\u201d.<\/p>\n<p>Respecto de la situaci\u00f3n actual de la magistratura en la Provincia, el tambi\u00e9n rector de la Universidad Nacional de Lomas de Zamora consider\u00f3: \u201cContamos con jueces probos que re\u00fanen los conocimientos, pero est\u00e1 claro que en la actualidad que nos toca vivir eso no alcanza. En muchas ocasiones observamos que falta compromiso con la gente, debemos tener magistrados con una mirada hacia la comunidad y los problemas de la sociedad\u201d.<\/p>\n<p>\u201cDesde el Consejo de la Magistratura tenemos la responsabilidad de seleccionar ese perfil de magistrado. Un juez con sensibilidad social, m\u00e1s cercano a los ciudadanos\u201d, continu\u00f3 Molea, y sostuvo que \u201cpor eso es muy importante profundizar el trabajo en la Escuela Judicial, para que quienes integran las ternas en el proceso de selecci\u00f3n tengan clara esa concepci\u00f3n de la funci\u00f3n y la responsabilidad que involucra el cargo para el que se postulan\u201d.<\/p>\n<p>En esa misma l\u00ednea, Molea destac\u00f3 la necesidad de propiciar las herramientas para desarrollar la capacitaci\u00f3n permanente de los jueces. \u201cS\u00e9 de la enorme responsabilidad con que muchos magistrados se desempe\u00f1an, pero es importante la formaci\u00f3n constante para garantizar la correcta administraci\u00f3n de justicia\u201d, y a\u00f1adi\u00f3: \u201cLa realidad es muy din\u00e1mica y los jueces no pueden permanecer ajenos a ello. Por eso es fundamental la permanente actualizaci\u00f3n de conocimientos\u201d.<\/p>\n<p>Por \u00faltimo, consider\u00f3 que en la actualidad \u201cel desaf\u00edo es mejorar el acceso a la justicia. Debemos garantizar el derecho constitucional de igualdad ante la ley. En muchos barrios est\u00e1 muy enraizada una concepci\u00f3n de la Justicia como algo ajeno. Debemos romper con ese paradigma y desarrollar un modelo de cercan\u00eda con dependencias descentralizadas y funcionarios judiciales m\u00e1s involucrados con las problem\u00e1ticas de la zona\u201d.<\/p>\n","protected":false},"excerpt":{"rendered":"<p>Diego Molea fue reelegido como consejero de la Magistratura de la Provincia de Buenos Aires en representaci\u00f3n de los abogados. El titular del Colegio de Abogados del Departamento Judicial de Lomas de Zamora (CALZ) obtuvo el apoyo un\u00e1nime para representar a sus colegas en el cuerpo que selecciona a los magistrados en el per\u00edodo 2014-2018.&hellip;<\/p>\n","protected":false},"author":1,"featured_media":0,"comment_status":"open","ping_status":"open","sticky":false,"template":"","format":"standard","meta":{"footnotes":""},"categories":[20],"tags":[4141,18898,4144],"class_list":["post-43145","post","type-post","status-publish","format-standard","hentry","category-judiciales","tag-calz","tag-consejo-de-la-magistratura-de-la-provincia-de-buenos-aires","tag-diego-molea"],"_links":{"self":[{"href":"https:\/\/www.elsindical.com.ar\/notas\/wp-json\/wp\/v2\/posts\/43145","targetHints":{"allow":["GET"]}}],"collection":[{"href":"https:\/\/www.elsindical.com.ar\/notas\/wp-json\/wp\/v2\/posts"}],"about":[{"href":"https:\/\/www.elsindical.com.ar\/notas\/wp-json\/wp\/v2\/types\/post"}],"author":[{"embeddable":true,"href":"https:\/\/www.elsindical.com.ar\/notas\/wp-json\/wp\/v2\/users\/1"}],"replies":[{"embeddable":true,"href":"https:\/\/www.elsindical.com.ar\/notas\/wp-json\/wp\/v2\/comments?post=43145"}],"version-history":[{"count":2,"href":"https:\/\/www.elsindical.com.ar\/notas\/wp-json\/wp\/v2\/posts\/43145\/revisions"}],"predecessor-version":[{"id":43148,"href":"https:\/\/www.elsindical.com.ar\/notas\/wp-json\/wp\/v2\/posts\/43145\/revisions\/43148"}],"wp:attachment":[{"href":"https:\/\/www.elsindical.com.ar\/notas\/wp-json\/wp\/v2\/media?parent=43145"}],"wp:term":[{"taxonomy":"category","embeddable":true,"href":"https:\/\/www.elsindical.com.ar\/notas\/wp-json\/wp\/v2\/categories?post=43145"},{"taxonomy":"post_tag","embeddable":true,"href":"https:\/\/www.elsindical.com.ar\/notas\/wp-json\/wp\/v2\/tags?post=43145"}],"curies":[{"name":"wp","href":"https:\/\/api.w.org\/{rel}","templated":true}]}}