{"id":43112,"date":"2014-06-05T11:34:56","date_gmt":"2014-06-05T14:34:56","guid":{"rendered":"http:\/\/www.elsindical.com.ar\/notas\/?p=43112"},"modified":"2014-06-05T12:49:52","modified_gmt":"2014-06-05T15:49:52","slug":"avellanedaasesina-a-su-mujer-e-intenta-suicidarse-en-pineiro","status":"publish","type":"post","link":"https:\/\/www.elsindical.com.ar\/notas\/avellanedaasesina-a-su-mujer-e-intenta-suicidarse-en-pineiro\/","title":{"rendered":"Avellaneda:Asesina a su mujer e intenta suicidarse en Pi\u00f1eiro"},"content":{"rendered":"<p><em><a href=\"http:\/\/www.elsindical.com.ar\/notas\/var\/www\/html\/notas\/wp-content\/uploads\/2014\/06\/asesinado-detenido-Avellaneda.jpg\"><img loading=\"lazy\" decoding=\"async\" class=\"alignnone size-medium wp-image-43113\" src=\"http:\/\/www.elsindical.com.ar\/notas\/var\/www\/html\/notas\/wp-content\/uploads\/2014\/06\/asesinado-detenido-Avellaneda-300x170.jpg\" alt=\"asesinado-detenido-Avellaneda\" width=\"300\" height=\"170\" srcset=\"https:\/\/www.elsindical.com.ar\/notas\/var\/www\/html\/notas\/wp-content\/uploads\/2014\/06\/asesinado-detenido-Avellaneda-300x170.jpg 300w, https:\/\/www.elsindical.com.ar\/notas\/var\/www\/html\/notas\/wp-content\/uploads\/2014\/06\/asesinado-detenido-Avellaneda-500x283.jpg 500w, https:\/\/www.elsindical.com.ar\/notas\/var\/www\/html\/notas\/wp-content\/uploads\/2014\/06\/asesinado-detenido-Avellaneda.jpg 502w\" sizes=\"auto, (max-width: 300px) 100vw, 300px\" \/><\/a>Sucedi\u00f3 en el partido bonaerense de Avellaneda, donde la pareja discuti\u00f3 y, luego de amenazarla, el hombre asesin\u00f3 a la mujer a cuchillazos. Cuando lleg\u00f3 la Polic\u00eda, lo cerc\u00f3 y el asesino intent\u00f3 suicidarse, pero finalmente los efectivos lo redujeron y detuvieron.<\/em><\/p>\n<p class=\"newDetailTextChange\">Un hombre mat\u00f3 a su mujer a pu\u00f1aladas, en el partido bonaerense de Avellaneda<b>, y luego intent\u00f3 suicidarse pero finalmente fue detenido por la Polic\u00eda.<\/b><\/p>\n<p>El hecho se registr\u00f3 ayer alrededor de las 20:00, cuando la v\u00edctima, identificada por las autoridades como Luisa Adelaida Mart\u00ednez (42), acababa de salir del trabajo y esperaba el colectivo en el cruce de Cabildo y Pasaje Ar\u00e1oz, en la localidad de Pi\u00f1eiro, del partido de Avellaneda.<\/p>\n<p>Seg\u00fan dijeron los voceros, Mart\u00ednez se sorprendi\u00f3 cuando vio en el lugar a su pareja, llamado Juan Ram\u00f3n Olmos (44), con quien ten\u00eda seis hijos y conviv\u00eda en un domicilio de la localidad de Valent\u00edn Alsina desde hac\u00eda 20 a\u00f1os.<\/p>\n<p>Los testigos de la escena le relataron luego a la polic\u00eda que Olmos comenz\u00f3 a increpar a la mujer a los gritos hasta que, en un momento dado, extrajo un cuchillo que llevaba entre sus ropas y le aplic\u00f3 varios puntazos en el cuello y en el abdomen.<\/p>\n<p>La mujer cay\u00f3 al suelo ensangrentada y falleci\u00f3 pr\u00e1cticamente en el acto, mientras que el agresor se dio media vuelta y se alej\u00f3 del lugar.<\/p>\n<p>Los vecinos llamaron de inmediato al servicio de alerta 911, por lo que se presentaron en la zona los efectivos de la comisar\u00eda 2da. de Avellaneda, quienes constataron que la mujer estaba muerta.<\/p>\n<p>Tras recabar informaci\u00f3n acerca de las se\u00f1as particulares de Olmos, iniciaron un operativo rastrillaje en los alrededores con la intenci\u00f3n de apresarlo y, poco despu\u00e9s, el hombre fue divisado caminando a unas siete cuadras de la escena del crimen, en la intersecci\u00f3n de Mariano Acosta y De La Serna.<\/p>\n<p>Al verse rodeado, Olmos sac\u00f3 el mismo cuchillo con el que hab\u00eda asesinado a su mujer, comenz\u00f3 a amenazar a los polic\u00edas con suicidarse si se acercaban y finalmente se clav\u00f3 el arma en el cuello.<\/p>\n<p>El agresor fue r\u00e1pidamente socorrido por m\u00e9dicos de emergencias y trasladado en ambulancia al hospital Fiorito, de Avellaneda, donde fue intervenido y estabilizado, por lo que esta ma\u00f1ana permanec\u00eda internado fuera de peligro en calidad de detenido y bajo custodia policial.<\/p>\n<p>Luego del hecho, los investigadores del caso pudieron averiguar que Olmos atac\u00f3 a Mart\u00ednez cuando se enter\u00f3 de que la mujer hab\u00eda presentado una denuncia en su contra por \u00abviolencia de g\u00e9nero\u00bb, informaron las fuentes.<\/p>\n<p>Interviene en la causa la Unidad Funcional de Instrucci\u00f3n (UFI) 1 descentralizada de Avellaneda, dependiente del Departamento Judicial Lomas de Zamora.<\/p>\n<p>De\u00a0las primeras diligencias particip\u00f3 el titular del CPC de Avellaneda el Comisario Javier Villar, quien entre otras tareas tuvo que contener a la gente que intent\u00f3 ajusticiar al asesino.<\/p>\n<p><iframe loading=\"lazy\" src=\"\/\/player.vimeo.com\/video\/97434676\" width=\"580\" height=\"420\" frameborder=\"0\" allowfullscreen=\"allowfullscreen\"><\/iframe><\/p>\n<p><a href=\"http:\/\/vimeo.com\/97434676\">Video detenci\u00f3n asesino de Avellaneda<\/a> from <a href=\"http:\/\/vimeo.com\/hawrylciw\">Marcelo Ricardo Hawrylciw<\/a> on <a href=\"https:\/\/vimeo.com\">Vimeo<\/a>.<\/p>\n","protected":false},"excerpt":{"rendered":"<p>Sucedi\u00f3 en el partido bonaerense de Avellaneda, donde la pareja discuti\u00f3 y, luego de amenazarla, el hombre asesin\u00f3 a la mujer a cuchillazos. Cuando lleg\u00f3 la Polic\u00eda, lo cerc\u00f3 y el asesino intent\u00f3 suicidarse, pero finalmente los efectivos lo redujeron y detuvieron. Un hombre mat\u00f3 a su mujer a pu\u00f1aladas, en el partido bonaerense de&hellip;<\/p>\n","protected":false},"author":1,"featured_media":0,"comment_status":"open","ping_status":"open","sticky":false,"template":"","format":"standard","meta":{"footnotes":""},"categories":[22],"tags":[1233,461,18886,18811,17982,30],"class_list":["post-43112","post","type-post","status-publish","format-standard","hentry","category-policiales","tag-apunalada","tag-avellaneda","tag-comisario-javier-villar","tag-cpc","tag-pineiro","tag-policia"],"_links":{"self":[{"href":"https:\/\/www.elsindical.com.ar\/notas\/wp-json\/wp\/v2\/posts\/43112","targetHints":{"allow":["GET"]}}],"collection":[{"href":"https:\/\/www.elsindical.com.ar\/notas\/wp-json\/wp\/v2\/posts"}],"about":[{"href":"https:\/\/www.elsindical.com.ar\/notas\/wp-json\/wp\/v2\/types\/post"}],"author":[{"embeddable":true,"href":"https:\/\/www.elsindical.com.ar\/notas\/wp-json\/wp\/v2\/users\/1"}],"replies":[{"embeddable":true,"href":"https:\/\/www.elsindical.com.ar\/notas\/wp-json\/wp\/v2\/comments?post=43112"}],"version-history":[{"count":4,"href":"https:\/\/www.elsindical.com.ar\/notas\/wp-json\/wp\/v2\/posts\/43112\/revisions"}],"predecessor-version":[{"id":43117,"href":"https:\/\/www.elsindical.com.ar\/notas\/wp-json\/wp\/v2\/posts\/43112\/revisions\/43117"}],"wp:attachment":[{"href":"https:\/\/www.elsindical.com.ar\/notas\/wp-json\/wp\/v2\/media?parent=43112"}],"wp:term":[{"taxonomy":"category","embeddable":true,"href":"https:\/\/www.elsindical.com.ar\/notas\/wp-json\/wp\/v2\/categories?post=43112"},{"taxonomy":"post_tag","embeddable":true,"href":"https:\/\/www.elsindical.com.ar\/notas\/wp-json\/wp\/v2\/tags?post=43112"}],"curies":[{"name":"wp","href":"https:\/\/api.w.org\/{rel}","templated":true}]}}