{"id":43076,"date":"2014-06-03T20:58:38","date_gmt":"2014-06-03T23:58:38","guid":{"rendered":"http:\/\/www.elsindical.com.ar\/notas\/?p=43076"},"modified":"2014-06-03T20:58:38","modified_gmt":"2014-06-03T23:58:38","slug":"lomas-de-zamorabuscan-a-una-joven-desaparecida-en-villa-centenario","status":"publish","type":"post","link":"https:\/\/www.elsindical.com.ar\/notas\/lomas-de-zamorabuscan-a-una-joven-desaparecida-en-villa-centenario\/","title":{"rendered":"Lomas de Zamora:Buscan a una joven desaparecida en Villa Centenario"},"content":{"rendered":"<p><em><a href=\"http:\/\/www.elsindical.com.ar\/notas\/var\/www\/html\/notas\/wp-content\/uploads\/2014\/06\/Sandra-Kencner.jpg\"><img loading=\"lazy\" decoding=\"async\" class=\"alignnone size-medium wp-image-43077\" src=\"http:\/\/www.elsindical.com.ar\/notas\/var\/www\/html\/notas\/wp-content\/uploads\/2014\/06\/Sandra-Kencner-300x190.jpg\" alt=\"Sandra-Kencner\" width=\"300\" height=\"190\" srcset=\"https:\/\/www.elsindical.com.ar\/notas\/var\/www\/html\/notas\/wp-content\/uploads\/2014\/06\/Sandra-Kencner-300x190.jpg 300w, https:\/\/www.elsindical.com.ar\/notas\/var\/www\/html\/notas\/wp-content\/uploads\/2014\/06\/Sandra-Kencner-472x300.jpg 472w, https:\/\/www.elsindical.com.ar\/notas\/var\/www\/html\/notas\/wp-content\/uploads\/2014\/06\/Sandra-Kencner.jpg 502w\" sizes=\"auto, (max-width: 300px) 100vw, 300px\" \/><\/a>Se trata de Sandra Kencner, quien tiene 15 a\u00f1os y juega desde hace un a\u00f1o en las inferiores de handball del Club Los Andes. \u00abEl viernes pasado, Sandra volvi\u00f3 del colegio, se cambi\u00f3 y le dijo a su padrastro que se iba a comprar al kiosco pero nunca volvi\u00f3\u201d, apuntaron sus allegados.<\/em><\/p>\n<p>Una jugadora de las inferiores de handball del Club Atl\u00e9tico Los Andes desapareci\u00f3 el viernes de su casa de Villa Centenario, y desde entonces sus familiares y amigos emprendieron una intensa b\u00fasqueda para dar con su paradero.<\/p>\n<p>Se trata de Sandra Kencner, quien tiene 15 a\u00f1os y juega desde hace un a\u00f1o en las inferiores de handball del Milrayitas.<\/p>\n<p>\u201cEl viernes pasado, Sandra volvi\u00f3 del colegio, se cambi\u00f3 y le dijo a su padrastro que se iba a comprar al kiosco pero nunca volvi\u00f3\u201d, apunt\u00f3 Vanesa, coordinadora de handball de la instituci\u00f3n deportiva de Lomas y vecina de la adolescente desaparecida.<\/p>\n<p>La familia efectu\u00f3 la denuncia horas m\u00e1s tarde en la Comisar\u00eda de Villa Centenario y desde entonces est\u00e1n buscando a Sandra \u201cpor todos lados\u201d.<\/p>\n<p>Sospechan que la adolescente se \u201cfug\u00f3 con un chico de 16 a\u00f1os con el que sal\u00eda hace siete meses\u201d porque el joven tambi\u00e9n desapareci\u00f3 de su vivienda y \u201clos dos se llevaron los pocos ahorros que ten\u00edan\u201d, seg\u00fan apunt\u00f3 la coordinadora de handball.<\/p>\n","protected":false},"excerpt":{"rendered":"<p>Se trata de Sandra Kencner, quien tiene 15 a\u00f1os y juega desde hace un a\u00f1o en las inferiores de handball del Club Los Andes. \u00abEl viernes pasado, Sandra volvi\u00f3 del colegio, se cambi\u00f3 y le dijo a su padrastro que se iba a comprar al kiosco pero nunca volvi\u00f3\u201d, apuntaron sus allegados. Una jugadora de&hellip;<\/p>\n","protected":false},"author":1,"featured_media":0,"comment_status":"open","ping_status":"open","sticky":false,"template":"","format":"standard","meta":{"footnotes":""},"categories":[26],"tags":[973,744,18864,5548],"class_list":["post-43076","post","type-post","status-publish","format-standard","hentry","category-solidaridad","tag-desaparecida","tag-lomas-de-zamora","tag-sandra-kencner","tag-villa-centenario"],"_links":{"self":[{"href":"https:\/\/www.elsindical.com.ar\/notas\/wp-json\/wp\/v2\/posts\/43076","targetHints":{"allow":["GET"]}}],"collection":[{"href":"https:\/\/www.elsindical.com.ar\/notas\/wp-json\/wp\/v2\/posts"}],"about":[{"href":"https:\/\/www.elsindical.com.ar\/notas\/wp-json\/wp\/v2\/types\/post"}],"author":[{"embeddable":true,"href":"https:\/\/www.elsindical.com.ar\/notas\/wp-json\/wp\/v2\/users\/1"}],"replies":[{"embeddable":true,"href":"https:\/\/www.elsindical.com.ar\/notas\/wp-json\/wp\/v2\/comments?post=43076"}],"version-history":[{"count":1,"href":"https:\/\/www.elsindical.com.ar\/notas\/wp-json\/wp\/v2\/posts\/43076\/revisions"}],"predecessor-version":[{"id":43078,"href":"https:\/\/www.elsindical.com.ar\/notas\/wp-json\/wp\/v2\/posts\/43076\/revisions\/43078"}],"wp:attachment":[{"href":"https:\/\/www.elsindical.com.ar\/notas\/wp-json\/wp\/v2\/media?parent=43076"}],"wp:term":[{"taxonomy":"category","embeddable":true,"href":"https:\/\/www.elsindical.com.ar\/notas\/wp-json\/wp\/v2\/categories?post=43076"},{"taxonomy":"post_tag","embeddable":true,"href":"https:\/\/www.elsindical.com.ar\/notas\/wp-json\/wp\/v2\/tags?post=43076"}],"curies":[{"name":"wp","href":"https:\/\/api.w.org\/{rel}","templated":true}]}}