{"id":43050,"date":"2014-06-03T15:37:54","date_gmt":"2014-06-03T18:37:54","guid":{"rendered":"http:\/\/www.elsindical.com.ar\/notas\/?p=43050"},"modified":"2014-06-03T16:12:16","modified_gmt":"2014-06-03T19:12:16","slug":"jose-leon-suarezhallaron-el-cadaver-de-una-mujer-en-un-predio-de-la-ceamse","status":"publish","type":"post","link":"https:\/\/www.elsindical.com.ar\/notas\/jose-leon-suarezhallaron-el-cadaver-de-una-mujer-en-un-predio-de-la-ceamse\/","title":{"rendered":"Jos\u00e9 Le\u00f3n Su\u00e1rez:Hallaron el cad\u00e1ver de una mujer en un predio de la Ceamse"},"content":{"rendered":"<p><em><a href=\"http:\/\/www.elsindical.com.ar\/notas\/var\/www\/html\/notas\/wp-content\/uploads\/2014\/06\/predio-CEAMSE.jpg\"><img loading=\"lazy\" decoding=\"async\" class=\"alignnone size-medium wp-image-43052\" src=\"http:\/\/www.elsindical.com.ar\/notas\/var\/www\/html\/notas\/wp-content\/uploads\/2014\/06\/predio-CEAMSE-300x168.jpg\" alt=\"predio-CEAMSE\" width=\"300\" height=\"168\" srcset=\"https:\/\/www.elsindical.com.ar\/notas\/var\/www\/html\/notas\/wp-content\/uploads\/2014\/06\/predio-CEAMSE-300x168.jpg 300w, https:\/\/www.elsindical.com.ar\/notas\/var\/www\/html\/notas\/wp-content\/uploads\/2014\/06\/predio-CEAMSE-500x280.jpg 500w, https:\/\/www.elsindical.com.ar\/notas\/var\/www\/html\/notas\/wp-content\/uploads\/2014\/06\/predio-CEAMSE.jpg 502w\" sizes=\"auto, (max-width: 300px) 100vw, 300px\" \/><\/a>Lo encontraron los empleados de la planta de Jos\u00e9 Le\u00f3n Su\u00e1rez, la misma en la que el a\u00f1o pasado apareci\u00f3 el cuerpo sin vida de la adolescente de 16 a\u00f1os.<\/em><\/p>\n<p>Trabajadores de la planta III de la Ceamse encontraron esta ma\u00f1ana el cad\u00e1ver de <b>una mujer de entre 25 y 30 a\u00f1os<\/b>. Seg\u00fan precisaron voceros de la empresa, fue en la cinta 3 de separaci\u00f3n a las 10:45.<\/p>\n<p>La v\u00edctima, de piel trigue\u00f1a u cabello casta\u00f1o, <b>vest\u00eda unas calzas con tachas doradas en los laterales al momento del hallazgo. <\/b>Adem\u00e1s, ten\u00eda una prenda enroscada en la parte superior del cuerpo, precis\u00f3 <b>Miguel Maccario<\/b>, jefe de la departamental San Mart\u00edn, a cargo del caso.<\/p>\n<div><b>\u00abMe da la impresi\u00f3n de que no lleva muchas horas fallecidas. No hablo de d\u00edas\u00bb, <\/b>indic\u00f3 el polic\u00eda.<\/div>\n<div><\/div>\n<div>Fuentes de la investigaci\u00f3n adelantaron que el cuerpo presentaba muchas lesiones. Para facilitar las tareas de peritaje, los empleados de la Ceamse tuvieron que retirarse de la planta.<\/div>\n<div>\n<p>Entre las hip\u00f3tesis que maneja la polic\u00eda se cuenta la posibilidad de que se trate de una mujer chaque\u00f1a, desaparecida en mayo, identificada como Adriana Paula Gim\u00e9nez, de origen chaque\u00f1o\u00a0 de 31 a\u00f1os, la cual seg\u00fan los investigadores padec\u00eda de problemas de esquizofrenia y delirios m\u00edsticos.<\/p>\n<p>Seg\u00fan el comisario Maccario, el cuerpo h<b>abr\u00eda ingresado en uno de los camiones que anoche salieron desde la planta que la Ceamse tiene en el barrio porte\u00f1o de Colegiales<\/b>.<\/p>\n<div>El caso conmueve no s\u00f3lo por la misteriosa aparici\u00f3n de una persona sin vida, sino porque el cad\u00e1ver fue hallado en el mismo predio donde el a\u00f1o pasado encontraron el cuerpo de \u00c1ngeles Rawson, la adolescente que desapareci\u00f3 tras realizar una clase de gimnasia en un campo de deportes del barrio porte\u00f1o de Colegiales .<\/div>\n<div><a href=\"http:\/\/www.elsindical.com.ar\/notas\/var\/www\/html\/notas\/wp-content\/uploads\/2014\/06\/Paula-Adriana-Gim\u00e9nez.jpg\"><img loading=\"lazy\" decoding=\"async\" class=\"size-medium wp-image-43064 aligncenter\" src=\"http:\/\/www.elsindical.com.ar\/notas\/var\/www\/html\/notas\/wp-content\/uploads\/2014\/06\/Paula-Adriana-Gim\u00e9nez-300x265.jpg\" alt=\"Paula-Adriana-Gim\u00e9nez\" width=\"300\" height=\"265\" srcset=\"https:\/\/www.elsindical.com.ar\/notas\/var\/www\/html\/notas\/wp-content\/uploads\/2014\/06\/Paula-Adriana-Gim\u00e9nez-300x265.jpg 300w, https:\/\/www.elsindical.com.ar\/notas\/var\/www\/html\/notas\/wp-content\/uploads\/2014\/06\/Paula-Adriana-Gim\u00e9nez-339x300.jpg 339w, https:\/\/www.elsindical.com.ar\/notas\/var\/www\/html\/notas\/wp-content\/uploads\/2014\/06\/Paula-Adriana-Gim\u00e9nez.jpg 443w\" sizes=\"auto, (max-width: 300px) 100vw, 300px\" \/><\/a><\/div>\n<\/div>\n","protected":false},"excerpt":{"rendered":"<p>Lo encontraron los empleados de la planta de Jos\u00e9 Le\u00f3n Su\u00e1rez, la misma en la que el a\u00f1o pasado apareci\u00f3 el cuerpo sin vida de la adolescente de 16 a\u00f1os. Trabajadores de la planta III de la Ceamse encontraron esta ma\u00f1ana el cad\u00e1ver de una mujer de entre 25 y 30 a\u00f1os. Seg\u00fan precisaron voceros&hellip;<\/p>\n","protected":false},"author":1,"featured_media":0,"comment_status":"open","ping_status":"open","sticky":false,"template":"","format":"standard","meta":{"footnotes":""},"categories":[22],"tags":[3099,4398,18856],"class_list":["post-43050","post","type-post","status-publish","format-standard","hentry","category-policiales","tag-ceamse","tag-jose-leon-suarez","tag-miguel-maccario-jefe-departamental"],"_links":{"self":[{"href":"https:\/\/www.elsindical.com.ar\/notas\/wp-json\/wp\/v2\/posts\/43050","targetHints":{"allow":["GET"]}}],"collection":[{"href":"https:\/\/www.elsindical.com.ar\/notas\/wp-json\/wp\/v2\/posts"}],"about":[{"href":"https:\/\/www.elsindical.com.ar\/notas\/wp-json\/wp\/v2\/types\/post"}],"author":[{"embeddable":true,"href":"https:\/\/www.elsindical.com.ar\/notas\/wp-json\/wp\/v2\/users\/1"}],"replies":[{"embeddable":true,"href":"https:\/\/www.elsindical.com.ar\/notas\/wp-json\/wp\/v2\/comments?post=43050"}],"version-history":[{"count":5,"href":"https:\/\/www.elsindical.com.ar\/notas\/wp-json\/wp\/v2\/posts\/43050\/revisions"}],"predecessor-version":[{"id":43065,"href":"https:\/\/www.elsindical.com.ar\/notas\/wp-json\/wp\/v2\/posts\/43050\/revisions\/43065"}],"wp:attachment":[{"href":"https:\/\/www.elsindical.com.ar\/notas\/wp-json\/wp\/v2\/media?parent=43050"}],"wp:term":[{"taxonomy":"category","embeddable":true,"href":"https:\/\/www.elsindical.com.ar\/notas\/wp-json\/wp\/v2\/categories?post=43050"},{"taxonomy":"post_tag","embeddable":true,"href":"https:\/\/www.elsindical.com.ar\/notas\/wp-json\/wp\/v2\/tags?post=43050"}],"curies":[{"name":"wp","href":"https:\/\/api.w.org\/{rel}","templated":true}]}}