{"id":43022,"date":"2014-06-01T15:24:49","date_gmt":"2014-06-01T18:24:49","guid":{"rendered":"http:\/\/www.elsindical.com.ar\/notas\/?p=43022"},"modified":"2014-06-01T15:24:49","modified_gmt":"2014-06-01T18:24:49","slug":"junintres-hombres-detenidos-por-violar-a-un-menor-discapacitado","status":"publish","type":"post","link":"https:\/\/www.elsindical.com.ar\/notas\/junintres-hombres-detenidos-por-violar-a-un-menor-discapacitado\/","title":{"rendered":"Jun\u00edn:Tres hombres detenidos por violar a un menor discapacitado"},"content":{"rendered":"<p class=\"p1 newDetailTextChange\"><em><a href=\"http:\/\/www.elsindical.com.ar\/notas\/var\/www\/html\/notas\/wp-content\/uploads\/2014\/06\/casa-violaci\u00f3n-Jun\u00edn.jpg\"><img loading=\"lazy\" decoding=\"async\" class=\"alignnone size-medium wp-image-43024\" src=\"http:\/\/www.elsindical.com.ar\/notas\/var\/www\/html\/notas\/wp-content\/uploads\/2014\/06\/casa-violaci\u00f3n-Jun\u00edn-300x170.jpg\" alt=\"casa-violaci\u00f3n-Jun\u00edn\" width=\"300\" height=\"170\" srcset=\"https:\/\/www.elsindical.com.ar\/notas\/var\/www\/html\/notas\/wp-content\/uploads\/2014\/06\/casa-violaci\u00f3n-Jun\u00edn-300x170.jpg 300w, https:\/\/www.elsindical.com.ar\/notas\/var\/www\/html\/notas\/wp-content\/uploads\/2014\/06\/casa-violaci\u00f3n-Jun\u00edn-500x283.jpg 500w, https:\/\/www.elsindical.com.ar\/notas\/var\/www\/html\/notas\/wp-content\/uploads\/2014\/06\/casa-violaci\u00f3n-Jun\u00edn.jpg 502w\" sizes=\"auto, (max-width: 300px) 100vw, 300px\" \/><\/a>El conmocionarte hecho ocurri\u00f3 en la localidad de Jun\u00edn. El chico tambi\u00e9n fue golpeado salvajemente y debieron internarlo.<\/em><\/p>\n<p>Tres hombres se encuentran detenidos culpados de abusar sexualmente y luego golpear salvajemente a un <b>menor de edad discapacitado<\/b> en la localidad bonaerense de <b>Jun\u00edn.<\/b><\/p>\n<p>El hecho ocurri\u00f3 a la madrugada del s\u00e1bado y, seg\u00fan la polic\u00eda local, los individuos lo obligaron al chico a practicarles sexo oral y sufri\u00f3 diversas <b>vejaciones.<\/b><\/p>\n<p>Luego le dieron una feroz paliza en todo el cuerpo hasta dejarle serias lesiones por lo que debieron internarlo en car\u00e1cter de urgencia en el <b>Hospital Zonal.<\/b><\/p>\n<p>La v\u00edctima, cuya identidad no ha trascendido, \u00a0manifest\u00f3 a los agentes policiales que la violaci\u00f3n ocurri\u00f3 dentro de un autom\u00f3vil de uno de los sujetos, sobre la calle Ram\u00f3n Hern\u00e1ndez, donde los tres personas de 21, 26 y 32 a\u00f1os abusaron de \u00e9l.<\/p>\n<p>En el caso, que se conoci\u00f3 por una denuncia del propio hospital, trabajan polic\u00edas de la seccional 1ra. y de la Comisar\u00eda de La Mujer y la Familia, en conjunto con la DDI y la Jefatura Distrital Jun\u00edn.<\/p>\n<p>Las primeras investigaciones dieron con el domicilio de <b>dos acusados,<\/b> tras realizar un allanamiento dispuesto por la fiscal a cargo, posteriormente se arrest\u00f3 al tercero mientras \u00e9ste caminaba por la calle.<\/p>\n","protected":false},"excerpt":{"rendered":"<p>El conmocionarte hecho ocurri\u00f3 en la localidad de Jun\u00edn. El chico tambi\u00e9n fue golpeado salvajemente y debieron internarlo. Tres hombres se encuentran detenidos culpados de abusar sexualmente y luego golpear salvajemente a un menor de edad discapacitado en la localidad bonaerense de Jun\u00edn. El hecho ocurri\u00f3 a la madrugada del s\u00e1bado y, seg\u00fan la polic\u00eda&hellip;<\/p>\n","protected":false},"author":1,"featured_media":0,"comment_status":"open","ping_status":"open","sticky":false,"template":"","format":"standard","meta":{"footnotes":""},"categories":[22],"tags":[783,694,742,603,7748,271],"class_list":["post-43022","post","type-post","status-publish","format-standard","hentry","category-policiales","tag-abuso-sexual","tag-acusados","tag-detenidos","tag-discapacitado","tag-junin","tag-violacion"],"_links":{"self":[{"href":"https:\/\/www.elsindical.com.ar\/notas\/wp-json\/wp\/v2\/posts\/43022","targetHints":{"allow":["GET"]}}],"collection":[{"href":"https:\/\/www.elsindical.com.ar\/notas\/wp-json\/wp\/v2\/posts"}],"about":[{"href":"https:\/\/www.elsindical.com.ar\/notas\/wp-json\/wp\/v2\/types\/post"}],"author":[{"embeddable":true,"href":"https:\/\/www.elsindical.com.ar\/notas\/wp-json\/wp\/v2\/users\/1"}],"replies":[{"embeddable":true,"href":"https:\/\/www.elsindical.com.ar\/notas\/wp-json\/wp\/v2\/comments?post=43022"}],"version-history":[{"count":2,"href":"https:\/\/www.elsindical.com.ar\/notas\/wp-json\/wp\/v2\/posts\/43022\/revisions"}],"predecessor-version":[{"id":43025,"href":"https:\/\/www.elsindical.com.ar\/notas\/wp-json\/wp\/v2\/posts\/43022\/revisions\/43025"}],"wp:attachment":[{"href":"https:\/\/www.elsindical.com.ar\/notas\/wp-json\/wp\/v2\/media?parent=43022"}],"wp:term":[{"taxonomy":"category","embeddable":true,"href":"https:\/\/www.elsindical.com.ar\/notas\/wp-json\/wp\/v2\/categories?post=43022"},{"taxonomy":"post_tag","embeddable":true,"href":"https:\/\/www.elsindical.com.ar\/notas\/wp-json\/wp\/v2\/tags?post=43022"}],"curies":[{"name":"wp","href":"https:\/\/api.w.org\/{rel}","templated":true}]}}