{"id":42979,"date":"2014-06-01T01:34:26","date_gmt":"2014-06-01T04:34:26","guid":{"rendered":"http:\/\/www.elsindical.com.ar\/notas\/?p=42979"},"modified":"2014-06-01T01:34:26","modified_gmt":"2014-06-01T04:34:26","slug":"saltadenuncian-que-hay-un-asesinato-por-semana-vinculado-al-narcotrafico","status":"publish","type":"post","link":"https:\/\/www.elsindical.com.ar\/notas\/saltadenuncian-que-hay-un-asesinato-por-semana-vinculado-al-narcotrafico\/","title":{"rendered":"Salta:Denuncian que hay un asesinato por semana vinculado al narcotr\u00e1fico"},"content":{"rendered":"<p><em><a href=\"http:\/\/www.elsindical.com.ar\/notas\/var\/www\/html\/notas\/wp-content\/uploads\/2012\/11\/cuerpo-bolsa-de-consorcio.jpg\"><img loading=\"lazy\" decoding=\"async\" class=\"alignnone size-medium wp-image-30041\" src=\"http:\/\/www.elsindical.com.ar\/notas\/var\/www\/html\/notas\/wp-content\/uploads\/2012\/11\/cuerpo-bolsa-de-consorcio-300x161.jpg\" alt=\"cuerpo-bolsa-de-consorcio\" width=\"300\" height=\"161\" srcset=\"https:\/\/www.elsindical.com.ar\/notas\/var\/www\/html\/notas\/wp-content\/uploads\/2012\/11\/cuerpo-bolsa-de-consorcio-300x161.jpg 300w, https:\/\/www.elsindical.com.ar\/notas\/var\/www\/html\/notas\/wp-content\/uploads\/2012\/11\/cuerpo-bolsa-de-consorcio-500x268.jpg 500w, https:\/\/www.elsindical.com.ar\/notas\/var\/www\/html\/notas\/wp-content\/uploads\/2012\/11\/cuerpo-bolsa-de-consorcio.jpg 502w\" sizes=\"auto, (max-width: 300px) 100vw, 300px\" \/><\/a>Lo dijo el presidente de la <b>C\u00e1mara Federal de la provincia<\/b> quien se reuni\u00f3 con el ministro de Seguridad, <b>Sergio Berni<\/b>, para analizar la situaci\u00f3n actual de la <b>lucha contra el narcotr\u00e1fico<\/b> en esa zona del pa\u00eds.<\/em><\/p>\n<p>El <b>presidente de la C\u00e1mara Federal<\/b> de Salta, <b>Jorge Villada<\/b>, asegur\u00f3 que en el norte de esa provincia sigue \u00ab<b>lloviendo droga<\/b>, sigue habiendo <b>vuelos<\/b>, la gente los ve, los escucha\u00bb\u00bb, y que \u00ab<b>hay una ejecuci\u00f3n por semana a ra\u00edz de ajustes de cuentas<\/b>\u00ab.<\/p>\n<p>El juez viaj\u00f3 a Buenos Aires para asistir a una reuni\u00f3n con el secretario de Seguridad, <b>Sergio Berni<\/b>, de la que participaron varios magistrados federales del norte argentino.<\/p>\n<p>\u00abEn el norte salte\u00f1o hay una ejecuci\u00f3n por semana a ra\u00edz de ajustes de cuentas. Toda la movida que hemos hechos los jueces del NOA y NEA tiene que ver con <b>llamar la atenci\u00f3n<\/b> a los poderes p\u00fablicos y la sociedad sobre el problema, ya que <b>nosotros no podemos salir a cazar narcos<\/b>\u00ab, asegur\u00f3 Villada.<\/p>\n<p>Hace algunas semanas, <b>una docena de jueces federales emiti\u00f3 una documento<\/b> reclamando la instalaci\u00f3n de <b>radares<\/b> en la zona, que se cubran las <b>vacantes en distintas dependencias judiciales<\/b>, una <b>mayor presencia de Gendarmer\u00eda<\/b> en el norte del pa\u00eds y la <b>construcci\u00f3n de c\u00e1rceles<\/b> para descomprimir la situaci\u00f3n de superpoblaci\u00f3n.<\/p>\n<p>El martes pasado, la Corte Suprema de Justicia <b>dict\u00f3 una resoluci\u00f3n<\/b> en la cual traslad\u00f3 el reclamo de los jueces del norte e inst\u00f3 al Ministerio de Justicia y Derechos Humanos y al de Seguridad de la Naci\u00f3n a <b>atender la problem\u00e1tica<\/b> con la mayor urgencia posible. Adem\u00e1s, el m\u00e1ximo tribunal hizo un llamado al <b>Consejo de la Magistratura<\/b> a ra\u00edz de los pedidos de <b>cubrir las vacantes en distintos juzgados.<\/b><\/p>\n<p>Otro de los reclamos de los jueces es que la <b>informaci\u00f3n recopilada por los radares<\/b> primero es dirigida a Buenos Aires y luego es retransmitida a la provincia, lo que provoca que en ocasiones se <b>reaccione tarde frente al ingreso al territorio nacional de aviones narcos<\/b>.<\/p>\n<p>\u00ab<b>Tecnol\u00f3gicamente no tenemos todas las capacidades<\/b>, la \u00fanica buena noticia es que <b>Gendarmer\u00eda est\u00e1 en un n\u00famero muy importante<\/b> en la frontera y <b>est\u00e1n equipados mucho mejor que antes<\/b>. <b>El narcotr\u00e1fico paga alta tecnolog\u00eda, mejor que cualquier Estado<\/b>\u00ab, declar\u00f3 Villada en una entrevista con la agencia <i>NA<\/i>.<\/p>\n<p>Tras la reuni\u00f3n con Berni y otras autoridades del Gobierno, Villada afirm\u00f3 que se resolvi\u00f3 que \u00abcomo primera cuesti\u00f3n van a <b>crear una c\u00e1rcel en la localidad salte\u00f1a de <\/b>Or\u00e1n con capacidad para <b>500 presos<\/b>\u00bb y que \u00abvan a <b>ampliar la c\u00e1rcel de General G<\/b><b>\u00fcemes<\/b>, Salta\u00bb.<\/p>\n<p>\u00ab<b>Pedimos dos radares m\u00e1s<\/b> para triangular toda la zona del NOE y NOA. Pero \u00e9sta es una de las patas del problema, porque si bien la mayor\u00eda de la droga creemos que ingresa v\u00eda a\u00e9rea, <b>tener radar implica tener toda la tecnolog\u00eda para detectar el vuelo, identificarlo, perseguirlo y eventualmente interceptarlo<\/b>\u00ab, diagnostic\u00f3 Villada, y explic\u00f3 que \u00aben Santiago del Estero, hay un radar grande, pero que rastrea desde los 2.000 metros para arriba y en general los narcos vuelan m\u00e1s bajo y tienen la posibilidad de aterrizar en cualquier lado\u00bb.<\/p>\n<p>El presidente de la C\u00e1mara Federal salte\u00f1a adem\u00e1s <b>volvi\u00f3 a reclamar por una mayor velocidad a la hora de designar jueces<\/b> porque \u00abtenemos un promedio de <b>150 juicios<\/b> al a\u00f1o, pero en esta \u00e9poca <b>los juicios de lesa humanidad ocupan un fuerte espacio<\/b> y todos estos debates se van <b>postergando<\/b> y se <b>amontonan<\/b>\u00ab.<\/p>\n<p>En esa l\u00ednea, Villada revel\u00f3 que con el objetivo de acelerar los procesos \u00abse eval\u00faa crear en cada unidad judicial una <b>secretar\u00eda tem\u00e1tica dedicada al narcotr\u00e1fico<\/b>\u00ab.<\/p>\n<p>Por \u00faltimo, el magistrado se refiri\u00f3 a la posible sanci\u00f3n de una <b>ley de derribo<\/b>, y mostr\u00f3 sus dudas: \u00ab<b>Implica que tenemos que tener tecnolog\u00eda<\/b> apta para determinar cu\u00e1l es un vuelo ilegal. <b>Tomar la decisi\u00f3n de derribar un avi\u00f3n supuestamente clandestino es mucho m\u00e1s dif\u00edcil que dictar una pena de muerte<\/b>\u00ab.<\/p>\n<p>\u00abHay que pensarla muy bien a la ley, pero <b>mientras tanto hay que hacer<\/b>\u00ab, concluy\u00f3.<\/p>\n","protected":false},"excerpt":{"rendered":"<p>Lo dijo el presidente de la C\u00e1mara Federal de la provincia quien se reuni\u00f3 con el ministro de Seguridad, Sergio Berni, para analizar la situaci\u00f3n actual de la lucha contra el narcotr\u00e1fico en esa zona del pa\u00eds. El presidente de la C\u00e1mara Federal de Salta, Jorge Villada, asegur\u00f3 que en el norte de esa provincia&hellip;<\/p>\n","protected":false},"author":1,"featured_media":0,"comment_status":"open","ping_status":"open","sticky":false,"template":"","format":"standard","meta":{"footnotes":""},"categories":[6],"tags":[18825,4209,22020,18826,204,2562],"class_list":["post-42979","post","type-post","status-publish","format-standard","hentry","category-denuncias","tag-ajustes-de-cuentas","tag-asesinatos","tag-denuncias","tag-jorge-villada","tag-narcotrafico","tag-salta"],"_links":{"self":[{"href":"https:\/\/www.elsindical.com.ar\/notas\/wp-json\/wp\/v2\/posts\/42979","targetHints":{"allow":["GET"]}}],"collection":[{"href":"https:\/\/www.elsindical.com.ar\/notas\/wp-json\/wp\/v2\/posts"}],"about":[{"href":"https:\/\/www.elsindical.com.ar\/notas\/wp-json\/wp\/v2\/types\/post"}],"author":[{"embeddable":true,"href":"https:\/\/www.elsindical.com.ar\/notas\/wp-json\/wp\/v2\/users\/1"}],"replies":[{"embeddable":true,"href":"https:\/\/www.elsindical.com.ar\/notas\/wp-json\/wp\/v2\/comments?post=42979"}],"version-history":[{"count":1,"href":"https:\/\/www.elsindical.com.ar\/notas\/wp-json\/wp\/v2\/posts\/42979\/revisions"}],"predecessor-version":[{"id":42980,"href":"https:\/\/www.elsindical.com.ar\/notas\/wp-json\/wp\/v2\/posts\/42979\/revisions\/42980"}],"wp:attachment":[{"href":"https:\/\/www.elsindical.com.ar\/notas\/wp-json\/wp\/v2\/media?parent=42979"}],"wp:term":[{"taxonomy":"category","embeddable":true,"href":"https:\/\/www.elsindical.com.ar\/notas\/wp-json\/wp\/v2\/categories?post=42979"},{"taxonomy":"post_tag","embeddable":true,"href":"https:\/\/www.elsindical.com.ar\/notas\/wp-json\/wp\/v2\/tags?post=42979"}],"curies":[{"name":"wp","href":"https:\/\/api.w.org\/{rel}","templated":true}]}}