{"id":42922,"date":"2014-05-29T19:58:20","date_gmt":"2014-05-29T22:58:20","guid":{"rendered":"http:\/\/www.elsindical.com.ar\/notas\/?p=42922"},"modified":"2014-05-29T19:58:20","modified_gmt":"2014-05-29T22:58:20","slug":"jose-alessi-votamos-en-contra-del-presupuesto-del-2013-y-de-las-chicanas-del-oficialismo","status":"publish","type":"post","link":"https:\/\/www.elsindical.com.ar\/notas\/jose-alessi-votamos-en-contra-del-presupuesto-del-2013-y-de-las-chicanas-del-oficialismo\/","title":{"rendered":"Jos\u00e9 Alessi votamos en contra del presupuesto del 2013 y de las chicanas del oficialismo"},"content":{"rendered":"<p><a href=\"http:\/\/www.elsindical.com.ar\/notas\/var\/www\/html\/notas\/wp-content\/uploads\/2014\/05\/presupuesto-2013-HCD.jpg\"><img loading=\"lazy\" decoding=\"async\" class=\"alignnone size-medium wp-image-42923\" src=\"http:\/\/www.elsindical.com.ar\/notas\/var\/www\/html\/notas\/wp-content\/uploads\/2014\/05\/presupuesto-2013-HCD-300x170.jpg\" alt=\"presupuesto-2013-HCD\" width=\"300\" height=\"170\" srcset=\"https:\/\/www.elsindical.com.ar\/notas\/var\/www\/html\/notas\/wp-content\/uploads\/2014\/05\/presupuesto-2013-HCD-300x170.jpg 300w, https:\/\/www.elsindical.com.ar\/notas\/var\/www\/html\/notas\/wp-content\/uploads\/2014\/05\/presupuesto-2013-HCD-500x283.jpg 500w, https:\/\/www.elsindical.com.ar\/notas\/var\/www\/html\/notas\/wp-content\/uploads\/2014\/05\/presupuesto-2013-HCD.jpg 502w\" sizes=\"auto, (max-width: 300px) 100vw, 300px\" \/><\/a>En el D\u00eda de la fecha, se realiz\u00f3 la 5ta sesi\u00f3n Ordinaria del HCD de Avellaneda, los distintos concejales discutieron los detalles de la rendici\u00f3n de cuentas de gastos del 2013, por el go<span class=\"text_exposed_show\">bierno de Ferraresi.<\/p>\n<p>Los Concejales del Frente Renovador de Avellaneda, no acompa\u00f1aron dicha rendici\u00f3n por no estar de acuerdo con los gastado habiendo cosas m\u00e1s importante en que invertir, nosotros apoyamos el ingreso de la partida de dinero pero no vamos acompa\u00f1ar la mala inversi\u00f3n del mismo, hay muchas cosas que hay que analizar y ver antes de votar, el problema que vemos no es el total de lo que se presenta (los casi 1200 millones de pesos), sino en la forma en que se asignaron y reasignaron. La verdad es que no vemos grandes cambios sobre la utilizaci\u00f3n de esos dineros e expres\u00f3 el Cjal Jose Alessi referente del Massismo en Avellaneda.<\/p>\n<p>Esto desato que la votaci\u00f3n sea ajustada para el oficialismo con 12 votos afirmativos por los Cjales : Armando Bertolotto, Sandra Alice y Orlando Machado, Ver\u00f3nica Ju\u00e1rez, Maia Lata, Hector Villagra, Jorge Degli Innocenti, Tamara Pierini, Ernesto Griego, Emanuel Gonzales, Santalla , Manuela Sanchez, y Hugo Barrueco como Concejal y Presidente del Concejo Deliberante.<\/p>\n<p>Los 11 votos negativos fueron de los Cjales: Gustavo Breque, Jos\u00e9 Alessi, Ram\u00f3n Leiva, Daniel Lewicki, Jorge Gamarra, Carmen L\u00f3pez, Benicio Gutierrez , Rodrigo Galetovich, Dami\u00e1n Paz, Rub\u00e9n Conde, Miriam Grai\u00f1o.<\/p>\n<p>El edil expreso \u201cEl tema es que el intendente sigue cometiendo los mismos errores, que mandan el expediente fuera de t\u00e9rmino. Estamos ante pases de partidas muy importantes y fueron hechos fuera de tiempo. Nos env\u00edan un expediente de dos cuerpos. No llegamos a leer todo\u201d<\/p>\n<p>Esas son las chicanas del oficialismo pero realmente al margen de que fue aprobado demuestra a las claras que est\u00e1 muy apretada la gesti\u00f3n, el bloque Massista de 8 concejales, iguala al FPV, es un tercio del cuerpo donde en el transcurso del a\u00f1o se le har\u00e1 muy complejo recibir el apoyo en los futuros proyectos del oficialismo.<\/span><\/p>\n","protected":false},"excerpt":{"rendered":"<p>En el D\u00eda de la fecha, se realiz\u00f3 la 5ta sesi\u00f3n Ordinaria del HCD de Avellaneda, los distintos concejales discutieron los detalles de la rendici\u00f3n de cuentas de gastos del 2013, por el gobierno de Ferraresi. Los Concejales del Frente Renovador de Avellaneda, no acompa\u00f1aron dicha rendici\u00f3n por no estar de acuerdo con los gastado&hellip;<\/p>\n","protected":false},"author":1,"featured_media":0,"comment_status":"open","ping_status":"open","sticky":false,"template":"","format":"standard","meta":{"footnotes":""},"categories":[13],"tags":[461,12162,16587,1062,5075,671],"class_list":["post-42922","post","type-post","status-publish","format-standard","hentry","category-politica","tag-avellaneda","tag-gasto","tag-hcd","tag-jorge-ferraresi","tag-jose-alessi","tag-presupuesto"],"_links":{"self":[{"href":"https:\/\/www.elsindical.com.ar\/notas\/wp-json\/wp\/v2\/posts\/42922","targetHints":{"allow":["GET"]}}],"collection":[{"href":"https:\/\/www.elsindical.com.ar\/notas\/wp-json\/wp\/v2\/posts"}],"about":[{"href":"https:\/\/www.elsindical.com.ar\/notas\/wp-json\/wp\/v2\/types\/post"}],"author":[{"embeddable":true,"href":"https:\/\/www.elsindical.com.ar\/notas\/wp-json\/wp\/v2\/users\/1"}],"replies":[{"embeddable":true,"href":"https:\/\/www.elsindical.com.ar\/notas\/wp-json\/wp\/v2\/comments?post=42922"}],"version-history":[{"count":1,"href":"https:\/\/www.elsindical.com.ar\/notas\/wp-json\/wp\/v2\/posts\/42922\/revisions"}],"predecessor-version":[{"id":42924,"href":"https:\/\/www.elsindical.com.ar\/notas\/wp-json\/wp\/v2\/posts\/42922\/revisions\/42924"}],"wp:attachment":[{"href":"https:\/\/www.elsindical.com.ar\/notas\/wp-json\/wp\/v2\/media?parent=42922"}],"wp:term":[{"taxonomy":"category","embeddable":true,"href":"https:\/\/www.elsindical.com.ar\/notas\/wp-json\/wp\/v2\/categories?post=42922"},{"taxonomy":"post_tag","embeddable":true,"href":"https:\/\/www.elsindical.com.ar\/notas\/wp-json\/wp\/v2\/tags?post=42922"}],"curies":[{"name":"wp","href":"https:\/\/api.w.org\/{rel}","templated":true}]}}