{"id":42894,"date":"2014-05-29T00:27:13","date_gmt":"2014-05-29T03:27:13","guid":{"rendered":"http:\/\/www.elsindical.com.ar\/notas\/?p=42894"},"modified":"2014-05-29T00:27:13","modified_gmt":"2014-05-29T03:27:13","slug":"puerto-maderodetienen-a-colombianos-con-cocaina-y-marihuana","status":"publish","type":"post","link":"https:\/\/www.elsindical.com.ar\/notas\/puerto-maderodetienen-a-colombianos-con-cocaina-y-marihuana\/","title":{"rendered":"Puerto Madero:Detienen a colombianos con coca\u00edna y marihuana"},"content":{"rendered":"<p><em><a href=\"http:\/\/www.elsindical.com.ar\/notas\/var\/www\/html\/notas\/wp-content\/uploads\/2014\/05\/colombianos-detenidos.jpg\"><img loading=\"lazy\" decoding=\"async\" class=\"alignnone size-medium wp-image-42895\" src=\"http:\/\/www.elsindical.com.ar\/notas\/var\/www\/html\/notas\/wp-content\/uploads\/2014\/05\/colombianos-detenidos-300x193.jpg\" alt=\"colombianos-detenidos\" width=\"300\" height=\"193\" srcset=\"https:\/\/www.elsindical.com.ar\/notas\/var\/www\/html\/notas\/wp-content\/uploads\/2014\/05\/colombianos-detenidos-300x193.jpg 300w, https:\/\/www.elsindical.com.ar\/notas\/var\/www\/html\/notas\/wp-content\/uploads\/2014\/05\/colombianos-detenidos-464x300.jpg 464w, https:\/\/www.elsindical.com.ar\/notas\/var\/www\/html\/notas\/wp-content\/uploads\/2014\/05\/colombianos-detenidos.jpg 531w\" sizes=\"auto, (max-width: 300px) 100vw, 300px\" \/><\/a>Tres sujetos oriundos de Colombia\u00a0fueron arrestados\u00a0luego de una persecuci\u00f3n, en la zona porte\u00f1a de Puerto Madero, tras evitar un control policial.<\/em><\/p>\n<p>Tres hombres de nacionalidad colombiana fueron detenidos en la tarde del mi\u00e9rcoles\u00a0tras una persecuci\u00f3n, luego de evadir un control en el barrio porte\u00f1o de Puerto Madero, a quienes les secuestraron marihuana, informaron fuentes policiales.<\/p>\n<p>Las detenciones se concretaron en el cruce de avenida Alicia Moreau de Justo y la calle Juan Domingo Per\u00f3n, donde efectivos de la comisar\u00eda 22da. secuestraron la droga en poder de los aprehendidos.<\/p>\n<p>Fuentes policiales informaron que todo comenz\u00f3 cuando el personal estaba apostado en un control vehicular sobre avenida Belgrano e intent\u00f3 detener la marcha de un Chevrolet Aveo oscuro, patente KLV-261.<\/p>\n<p>Sin embargo, el conductor aument\u00f3 la velocidad y escap\u00f3 r\u00e1pidamente, por lo que varios patrulleros comenzaron a perseguir a los ocupantes e iniciaron un operativo cerrojo.<\/p>\n<p>Seg\u00fan las fuentes, los m\u00f3viles encerraron el auto de los sospechosos, mayores de edad, quienes fueron aprehendidos inmediatamente.<\/p>\n<p>Tras una requisa, los polic\u00edas secuestraron marihuana -la cantidad no fue detallada- entre las prendas de vestir de los hombres y el veh\u00edculo en el que se movilizaban.<\/p>\n","protected":false},"excerpt":{"rendered":"<p>Tres sujetos oriundos de Colombia\u00a0fueron arrestados\u00a0luego de una persecuci\u00f3n, en la zona porte\u00f1a de Puerto Madero, tras evitar un control policial. Tres hombres de nacionalidad colombiana fueron detenidos en la tarde del mi\u00e9rcoles\u00a0tras una persecuci\u00f3n, luego de evadir un control en el barrio porte\u00f1o de Puerto Madero, a quienes les secuestraron marihuana, informaron fuentes policiales.&hellip;<\/p>\n","protected":false},"author":1,"featured_media":0,"comment_status":"open","ping_status":"open","sticky":false,"template":"","format":"standard","meta":{"footnotes":""},"categories":[22],"tags":[43,8344,742,664,3499],"class_list":["post-42894","post","type-post","status-publish","format-standard","hentry","category-policiales","tag-cocaina","tag-colombianos","tag-detenidos","tag-marihuana","tag-puerto-madero"],"_links":{"self":[{"href":"https:\/\/www.elsindical.com.ar\/notas\/wp-json\/wp\/v2\/posts\/42894","targetHints":{"allow":["GET"]}}],"collection":[{"href":"https:\/\/www.elsindical.com.ar\/notas\/wp-json\/wp\/v2\/posts"}],"about":[{"href":"https:\/\/www.elsindical.com.ar\/notas\/wp-json\/wp\/v2\/types\/post"}],"author":[{"embeddable":true,"href":"https:\/\/www.elsindical.com.ar\/notas\/wp-json\/wp\/v2\/users\/1"}],"replies":[{"embeddable":true,"href":"https:\/\/www.elsindical.com.ar\/notas\/wp-json\/wp\/v2\/comments?post=42894"}],"version-history":[{"count":1,"href":"https:\/\/www.elsindical.com.ar\/notas\/wp-json\/wp\/v2\/posts\/42894\/revisions"}],"predecessor-version":[{"id":42896,"href":"https:\/\/www.elsindical.com.ar\/notas\/wp-json\/wp\/v2\/posts\/42894\/revisions\/42896"}],"wp:attachment":[{"href":"https:\/\/www.elsindical.com.ar\/notas\/wp-json\/wp\/v2\/media?parent=42894"}],"wp:term":[{"taxonomy":"category","embeddable":true,"href":"https:\/\/www.elsindical.com.ar\/notas\/wp-json\/wp\/v2\/categories?post=42894"},{"taxonomy":"post_tag","embeddable":true,"href":"https:\/\/www.elsindical.com.ar\/notas\/wp-json\/wp\/v2\/tags?post=42894"}],"curies":[{"name":"wp","href":"https:\/\/api.w.org\/{rel}","templated":true}]}}