{"id":42777,"date":"2014-05-23T02:06:02","date_gmt":"2014-05-23T05:06:02","guid":{"rendered":"http:\/\/www.elsindical.com.ar\/notas\/?p=42777"},"modified":"2014-05-23T02:06:02","modified_gmt":"2014-05-23T05:06:02","slug":"reabren-una-causa-por-enriquecimiento-ilicito-de-de-vido","status":"publish","type":"post","link":"https:\/\/www.elsindical.com.ar\/notas\/reabren-una-causa-por-enriquecimiento-ilicito-de-de-vido\/","title":{"rendered":"Reabren una causa por enriquecimiento il\u00edcito de De Vido"},"content":{"rendered":"<p><em><a href=\"http:\/\/www.elsindical.com.ar\/notas\/var\/www\/html\/notas\/wp-content\/uploads\/2010\/02\/Julio-de-Vido-gesto.jpg\"><img loading=\"lazy\" decoding=\"async\" class=\"alignnone size-full wp-image-3861\" src=\"http:\/\/www.elsindical.com.ar\/notas\/var\/www\/html\/notas\/wp-content\/uploads\/2010\/02\/Julio-de-Vido-gesto.jpg\" alt=\"Julio-de-Vido-gesto\" width=\"227\" height=\"190\" \/><\/a>La Sala IV de la C\u00e1mara Federal de Casaci\u00f3n Penal anul\u00f3 el sobreseimiento del titular de la cartera de Planificaci\u00f3n Federal y su esposa. La denuncia se inici\u00f3 el 28 de julio de 2009 por una presentaci\u00f3n del abogado Ricardo Monner Sans.\u00a0\u00a0\u00a0\u00a0\u00a0\u00a0\u00a0\u00a0\u00a0\u00a0\u00a0\u00a0\u00a0\u00a0\u00a0\u00a0\u00a0<\/em><\/p>\n<p>La Sala IV de la C\u00e1mara Federal de Casaci\u00f3n Penal anul\u00f3 hoy el sobreseimiento del ministro de Planificaci\u00f3n Federal, Julio De Vido, y su esposa, en una causa por presunto enriquecimiento il\u00edcito.<\/p>\n<p>La Sala integrada por los Jueces Gustavo Hornos, Juan Carlos Gemignani y Mariano Hern\u00e1n Borinsky se pronunci\u00f3 en la causa con relaci\u00f3n al recurso interpuesto por la Fiscal\u00eda Investigaciones Administrativas (FIA) contra la resoluci\u00f3n que hab\u00eda declarado mal concedido el recurso de apelaci\u00f3n del Ministerio P\u00fablico Fiscal contra el sobreseimiento dictado por el juez instructor respecto de De Vido y de su esposa Alessandra Minnicelli.<\/p>\n<p>Luego de que la Corte Suprema de Justicia reconociera a la FIA legitimaci\u00f3n para recurrir en el caso, los camaristas anularon la resoluci\u00f3n de la Sala I de la C\u00e1mara Nacional de Apelaciones en lo Criminal y Correccional Federal y dispuso el dictado de un nuevo pronunciamiento en la instancia de apelaci\u00f3n, previo escuchar a todas las partes legitimadas, inform\u00f3 el CIJ.<\/p>\n<p>La denuncia contra De Vido y su esposa se inici\u00f3 el 28 de julio de 2009 por una presentaci\u00f3n del abogado Ricardo Monner Sans,quien los acus\u00f3 a ambos de enriquecimiento il\u00edcito por el per\u00edodo 2003-2007.<\/p>\n<p>En febrero de 2009, el entonces Juez federal Octavio Ar\u00e1oz de Lamadrid sobresey\u00f3 a De Vido y Minicelli, y su fallo fue confirmado luego por la Sala I de la C\u00e1mara Federal, aunque luego present\u00f3 una apelaci\u00f3n la FIA, no as\u00ed la Fiscal\u00eda Federal.<\/p>\n<p>Al tratar ese recurso, la Sala IV de la C\u00e1mara consider\u00f3 \u00abinadmisible\u00bb el pedido de la FIA, la que luego, sin embargo, recibi\u00f3 un gui\u00f1o de la Corte Suprema para que continuara adelante la investigaci\u00f3n.<\/p>\n","protected":false},"excerpt":{"rendered":"<p>La Sala IV de la C\u00e1mara Federal de Casaci\u00f3n Penal anul\u00f3 el sobreseimiento del titular de la cartera de Planificaci\u00f3n Federal y su esposa. La denuncia se inici\u00f3 el 28 de julio de 2009 por una presentaci\u00f3n del abogado Ricardo Monner Sans.\u00a0\u00a0\u00a0\u00a0\u00a0\u00a0\u00a0\u00a0\u00a0\u00a0\u00a0\u00a0\u00a0\u00a0\u00a0\u00a0\u00a0 La Sala IV de la C\u00e1mara Federal de Casaci\u00f3n Penal anul\u00f3 hoy el&hellip;<\/p>\n","protected":false},"author":1,"featured_media":0,"comment_status":"open","ping_status":"open","sticky":false,"template":"","format":"standard","meta":{"footnotes":""},"categories":[20],"tags":[11585,6273,1658,131],"class_list":["post-42777","post","type-post","status-publish","format-standard","hentry","category-judiciales","tag-camara-federal-de-casacion-penal","tag-cij","tag-fia","tag-julio-de-vido"],"_links":{"self":[{"href":"https:\/\/www.elsindical.com.ar\/notas\/wp-json\/wp\/v2\/posts\/42777","targetHints":{"allow":["GET"]}}],"collection":[{"href":"https:\/\/www.elsindical.com.ar\/notas\/wp-json\/wp\/v2\/posts"}],"about":[{"href":"https:\/\/www.elsindical.com.ar\/notas\/wp-json\/wp\/v2\/types\/post"}],"author":[{"embeddable":true,"href":"https:\/\/www.elsindical.com.ar\/notas\/wp-json\/wp\/v2\/users\/1"}],"replies":[{"embeddable":true,"href":"https:\/\/www.elsindical.com.ar\/notas\/wp-json\/wp\/v2\/comments?post=42777"}],"version-history":[{"count":1,"href":"https:\/\/www.elsindical.com.ar\/notas\/wp-json\/wp\/v2\/posts\/42777\/revisions"}],"predecessor-version":[{"id":42778,"href":"https:\/\/www.elsindical.com.ar\/notas\/wp-json\/wp\/v2\/posts\/42777\/revisions\/42778"}],"wp:attachment":[{"href":"https:\/\/www.elsindical.com.ar\/notas\/wp-json\/wp\/v2\/media?parent=42777"}],"wp:term":[{"taxonomy":"category","embeddable":true,"href":"https:\/\/www.elsindical.com.ar\/notas\/wp-json\/wp\/v2\/categories?post=42777"},{"taxonomy":"post_tag","embeddable":true,"href":"https:\/\/www.elsindical.com.ar\/notas\/wp-json\/wp\/v2\/tags?post=42777"}],"curies":[{"name":"wp","href":"https:\/\/api.w.org\/{rel}","templated":true}]}}