{"id":42719,"date":"2014-05-21T00:24:18","date_gmt":"2014-05-21T03:24:18","guid":{"rendered":"http:\/\/www.elsindical.com.ar\/notas\/?p=42719"},"modified":"2014-05-21T00:24:18","modified_gmt":"2014-05-21T03:24:18","slug":"clinicas-y-sanatorios-solo-atenderan-hoy-los-casos-de-urgencias","status":"publish","type":"post","link":"https:\/\/www.elsindical.com.ar\/notas\/clinicas-y-sanatorios-solo-atenderan-hoy-los-casos-de-urgencias\/","title":{"rendered":"Cl\u00ednicas y sanatorios s\u00f3lo atender\u00e1n hoy los casos de urgencias"},"content":{"rendered":"<p><em><a href=\"http:\/\/www.elsindical.com.ar\/notas\/var\/www\/html\/notas\/wp-content\/uploads\/2014\/05\/Adecra-y-Cedim.jpg\"><img loading=\"lazy\" decoding=\"async\" class=\"alignnone size-medium wp-image-42720\" src=\"http:\/\/www.elsindical.com.ar\/notas\/var\/www\/html\/notas\/wp-content\/uploads\/2014\/05\/Adecra-y-Cedim-300x209.jpg\" alt=\"Adecra-y-Cedim\" width=\"300\" height=\"209\" srcset=\"https:\/\/www.elsindical.com.ar\/notas\/var\/www\/html\/notas\/wp-content\/uploads\/2014\/05\/Adecra-y-Cedim-300x209.jpg 300w, https:\/\/www.elsindical.com.ar\/notas\/var\/www\/html\/notas\/wp-content\/uploads\/2014\/05\/Adecra-y-Cedim.jpg 325w\" sizes=\"auto, (max-width: 300px) 100vw, 300px\" \/><\/a>Es por la protesta de las empresas de medicina paga que le reclaman al Gobierno que las autorice a subir las tarifas de los aranceles. <b>\u00abLos pacientes internados recibir\u00e1n todo lo necesario\u00bb<\/b>, aclar\u00f3 la c\u00e1mara del sector.<\/em><\/p>\n<p>Las c\u00e1maras que re\u00fanen a las cl\u00ednicas, sanatorios y centros de diagn\u00f3stico privados de todo el pa\u00eds anunciaron que <b>hoy s\u00f3lo se atender\u00e1n urgencias<\/b>, en el marco de la protesta que llevan adelante las prepagas para denunciar la \u00abgrave crisis\u00bb que atraviesa el sector y reclamar un incremento en aranceles.<\/p>\n<div>La medida es convocada en conjunto por Adecra y Cedim, que a su vez advirtieron que <b>podr\u00edan extenderla al 28 y 29 de mayo <\/b>pr\u00f3ximos si no se hace lugar a los reclamos. Las c\u00e1maras exigen una actualizaci\u00f3n de aranceles para cubrir \u00abel aumento en los costos\u00bb frente a \u00abla imposibilidad de subir las cuotas de las prepagas y la falta de respuesta del gobierno nacional\u00bb a la problem\u00e1tica que presenta el sector.<\/div>\n<div><\/div>\n<div>\u00abSi no hay respuestas, la pr\u00f3xima semana, se llevar\u00e1 a cabo una restricci\u00f3n en la atenci\u00f3n por 48 horas\u00bb, inform\u00f3 la Asociaci\u00f3n de Cl\u00ednicas y Sanatorios Privados de la Argentina (Adecra). Su titular, Jorge Cherro, afirm\u00f3 que \u00abla crisis que atraviesa la salud privada parece no tener fin; la situaci\u00f3n que enfrenta el sector es realmente preocupante, ya que las cl\u00ednicas y sanatorios se encuentran con un desfasaje en lo que se refiere a los aranceles prestacionales, tanto con las empresas de medicina prepaga como con PAMI\u00bb.<\/div>\n<div><\/div>\n<div>Advirti\u00f3 tambi\u00e9n que el aumento en los costos \u00absupera todas las barreras: en medicamentos m\u00e1s del 90%; alimentaci\u00f3n, lavander\u00eda y seguridad 100%; p\u00f3lizas de seguro 65%; y se aproxima una discusi\u00f3n salarial que estar\u00eda en el orden del 30%\u00bb.<\/div>\n<div><\/div>\n<div>Jorge Carrascosa, presidente de Cedim, sostuvo que \u00ablos prestadores nos vemos obligados a apelar a esta medida porque no podemos hacer frente al aumento de los productos importados que tiene la industria sanatorial y de diagn\u00f3stico, y el pago de la nueva paritaria que se avecina\u00bb. \u00abLas prepagas dicen que el gobierno no les deja aumentar pero los sanatorios as\u00ed no podemos continuar, la situaci\u00f3n financiera es muy complicada\u00bb, alert\u00f3.<\/div>\n","protected":false},"excerpt":{"rendered":"<p>Es por la protesta de las empresas de medicina paga que le reclaman al Gobierno que las autorice a subir las tarifas de los aranceles. \u00abLos pacientes internados recibir\u00e1n todo lo necesario\u00bb, aclar\u00f3 la c\u00e1mara del sector. Las c\u00e1maras que re\u00fanen a las cl\u00ednicas, sanatorios y centros de diagn\u00f3stico privados de todo el pa\u00eds anunciaron&hellip;<\/p>\n","protected":false},"author":1,"featured_media":0,"comment_status":"open","ping_status":"open","sticky":false,"template":"","format":"standard","meta":{"footnotes":""},"categories":[28],"tags":[18713,18714,5193,553,18715,373],"class_list":["post-42719","post","type-post","status-publish","format-standard","hentry","category-empresariales","tag-adecra","tag-cedim","tag-clinicas","tag-pacientes","tag-sanatorios","tag-tarifas"],"_links":{"self":[{"href":"https:\/\/www.elsindical.com.ar\/notas\/wp-json\/wp\/v2\/posts\/42719","targetHints":{"allow":["GET"]}}],"collection":[{"href":"https:\/\/www.elsindical.com.ar\/notas\/wp-json\/wp\/v2\/posts"}],"about":[{"href":"https:\/\/www.elsindical.com.ar\/notas\/wp-json\/wp\/v2\/types\/post"}],"author":[{"embeddable":true,"href":"https:\/\/www.elsindical.com.ar\/notas\/wp-json\/wp\/v2\/users\/1"}],"replies":[{"embeddable":true,"href":"https:\/\/www.elsindical.com.ar\/notas\/wp-json\/wp\/v2\/comments?post=42719"}],"version-history":[{"count":1,"href":"https:\/\/www.elsindical.com.ar\/notas\/wp-json\/wp\/v2\/posts\/42719\/revisions"}],"predecessor-version":[{"id":42721,"href":"https:\/\/www.elsindical.com.ar\/notas\/wp-json\/wp\/v2\/posts\/42719\/revisions\/42721"}],"wp:attachment":[{"href":"https:\/\/www.elsindical.com.ar\/notas\/wp-json\/wp\/v2\/media?parent=42719"}],"wp:term":[{"taxonomy":"category","embeddable":true,"href":"https:\/\/www.elsindical.com.ar\/notas\/wp-json\/wp\/v2\/categories?post=42719"},{"taxonomy":"post_tag","embeddable":true,"href":"https:\/\/www.elsindical.com.ar\/notas\/wp-json\/wp\/v2\/tags?post=42719"}],"curies":[{"name":"wp","href":"https:\/\/api.w.org\/{rel}","templated":true}]}}