{"id":42682,"date":"2014-05-19T17:11:05","date_gmt":"2014-05-19T20:11:05","guid":{"rendered":"http:\/\/www.elsindical.com.ar\/notas\/?p=42682"},"modified":"2014-05-19T17:11:05","modified_gmt":"2014-05-19T20:11:05","slug":"reconstruccion-de-los-accesos-a-villa-elisa","status":"publish","type":"post","link":"https:\/\/www.elsindical.com.ar\/notas\/reconstruccion-de-los-accesos-a-villa-elisa\/","title":{"rendered":"Reconstrucci\u00f3n de los accesos a Villa Elisa"},"content":{"rendered":"<p><a href=\"http:\/\/www.elsindical.com.ar\/notas\/var\/www\/html\/notas\/wp-content\/uploads\/2014\/05\/hombres-trabajando.jpg\"><img loading=\"lazy\" decoding=\"async\" class=\"alignnone size-medium wp-image-42683\" src=\"http:\/\/www.elsindical.com.ar\/notas\/var\/www\/html\/notas\/wp-content\/uploads\/2014\/05\/hombres-trabajando-300x200.jpg\" alt=\"hombres-trabajando\" width=\"300\" height=\"200\" srcset=\"https:\/\/www.elsindical.com.ar\/notas\/var\/www\/html\/notas\/wp-content\/uploads\/2014\/05\/hombres-trabajando-300x200.jpg 300w, https:\/\/www.elsindical.com.ar\/notas\/var\/www\/html\/notas\/wp-content\/uploads\/2014\/05\/hombres-trabajando-449x300.jpg 449w, https:\/\/www.elsindical.com.ar\/notas\/var\/www\/html\/notas\/wp-content\/uploads\/2014\/05\/hombres-trabajando.jpg 502w\" sizes=\"auto, (max-width: 300px) 100vw, 300px\" \/><\/a>Lunes, 19 de mayo. Ante el deterioro avanzado de los accesos a Villa Elisa por la Autopista Buenos Aires &#8211; La Plata, AUBASA comienza hoy la\u00a0<strong>reconstrucci\u00f3n total<\/strong>\u00a0de las ramas del distribuidor de la Ruta Provincial N\u00b019.<\/p>\n<p><strong>El gobierno de la provincia de Buenos Aires impulsa mediante la\u00a0Secretar\u00eda de Servicios P\u00fablicos una mejora estructural de la red vial para transformarla, antes de fin de a\u00f1o, en una autopista de calidad, segura y confortable para los usuarios bonaerenses.<\/strong><\/p>\n<p>\u201cEs una obra prioritaria, una asignatura pendiente. Por el estado de deterioro en el que se encuentra la bajada a Villa Elisa, se tom\u00f3 la decisi\u00f3n de comenzar la obra que va a reconstruir de manera total la autov\u00eda. Le pedimos perd\u00f3n a los usuarios de la zona norte de la ciudad de La Plata por las molestias ocasionadas al clausurar los accesos, pero esto har\u00e1 que, en un futuro inmediato, viajen mucho mejor\u201d.<\/p>\n<p>La puesta en valor del pavimento de los accesos a Villa Elisa prev\u00e9, aproximadamente, 15 d\u00edas h\u00e1biles para completar la obra, tiempo en los que dichos accesos permanecer\u00e1n cerrados. A continuaci\u00f3n, las rutas alternativas:<strong>\u00a0<\/strong>Desv\u00edo por el Ramal Guti\u00e9rrez hasta la rotonda de Alpargatas para luego tomar el camino Centenario; otra opci\u00f3n es conducir hasta La Plata y de ah\u00ed tomar el camino Centenario.<\/p>\n<p>La presente reconstrucci\u00f3n consta de una base y sub-base de suelo seleccionado, y una carpeta de concreto asf\u00e1ltico de 10 cm de espesor.<\/p>\n<p>Solo los veh\u00edculos livianos podr\u00e1n, una vez finalizada a obra, transitar por los nuevos accesos de Villa Elisa.<\/p>\n<p>&nbsp;<\/p>\n<p><strong>AUBASA<\/strong><\/p>\n<p>Departamento de Prensa<\/p>\n<p>3221 7841 int. 7841<\/p>\n<p>1523 08 65 50<\/p>\n<p><a href=\"mailto:prensa@aubasa.com.ar\">prensa@aubasa.com.ar<\/a><\/p>\n<p><a href=\"mailto:amazzeiprensa@gmail.com\">amazzeiprensa@gmail.com<\/a><\/p>\n<p><a href=\"http:\/\/www.aubasa.com.ar\/\">www.aubasa.com.ar<\/a><\/p>\n","protected":false},"excerpt":{"rendered":"<p>Lunes, 19 de mayo. Ante el deterioro avanzado de los accesos a Villa Elisa por la Autopista Buenos Aires &#8211; La Plata, AUBASA comienza hoy la\u00a0reconstrucci\u00f3n total\u00a0de las ramas del distribuidor de la Ruta Provincial N\u00b019. El gobierno de la provincia de Buenos Aires impulsa mediante la\u00a0Secretar\u00eda de Servicios P\u00fablicos una mejora estructural de la&hellip;<\/p>\n","protected":false},"author":1,"featured_media":0,"comment_status":"open","ping_status":"open","sticky":false,"template":"","format":"standard","meta":{"footnotes":""},"categories":[28],"tags":[18493,2724,239,18707,11064],"class_list":["post-42682","post","type-post","status-publish","format-standard","hentry","category-empresariales","tag-aubasa","tag-autopista","tag-la-plata","tag-reconstruccion","tag-villa-elisa"],"_links":{"self":[{"href":"https:\/\/www.elsindical.com.ar\/notas\/wp-json\/wp\/v2\/posts\/42682","targetHints":{"allow":["GET"]}}],"collection":[{"href":"https:\/\/www.elsindical.com.ar\/notas\/wp-json\/wp\/v2\/posts"}],"about":[{"href":"https:\/\/www.elsindical.com.ar\/notas\/wp-json\/wp\/v2\/types\/post"}],"author":[{"embeddable":true,"href":"https:\/\/www.elsindical.com.ar\/notas\/wp-json\/wp\/v2\/users\/1"}],"replies":[{"embeddable":true,"href":"https:\/\/www.elsindical.com.ar\/notas\/wp-json\/wp\/v2\/comments?post=42682"}],"version-history":[{"count":1,"href":"https:\/\/www.elsindical.com.ar\/notas\/wp-json\/wp\/v2\/posts\/42682\/revisions"}],"predecessor-version":[{"id":42684,"href":"https:\/\/www.elsindical.com.ar\/notas\/wp-json\/wp\/v2\/posts\/42682\/revisions\/42684"}],"wp:attachment":[{"href":"https:\/\/www.elsindical.com.ar\/notas\/wp-json\/wp\/v2\/media?parent=42682"}],"wp:term":[{"taxonomy":"category","embeddable":true,"href":"https:\/\/www.elsindical.com.ar\/notas\/wp-json\/wp\/v2\/categories?post=42682"},{"taxonomy":"post_tag","embeddable":true,"href":"https:\/\/www.elsindical.com.ar\/notas\/wp-json\/wp\/v2\/tags?post=42682"}],"curies":[{"name":"wp","href":"https:\/\/api.w.org\/{rel}","templated":true}]}}