{"id":42615,"date":"2014-05-16T00:05:35","date_gmt":"2014-05-16T03:05:35","guid":{"rendered":"http:\/\/www.elsindical.com.ar\/notas\/?p=42615"},"modified":"2014-05-16T00:00:07","modified_gmt":"2014-05-16T03:00:07","slug":"molea-y-camano-encabezaron-un-encuentro-con-vecinos-en-monte-grande","status":"publish","type":"post","link":"https:\/\/www.elsindical.com.ar\/notas\/molea-y-camano-encabezaron-un-encuentro-con-vecinos-en-monte-grande\/","title":{"rendered":"Molea y Cama\u00f1o encabezaron un encuentro con vecinos en Monte Grande"},"content":{"rendered":"<p><span style=\"line-height: 107%; font-size: 14pt;\"><span style=\"color: #000000; font-family: Calibri;\"><em><a href=\"http:\/\/www.elsindical.com.ar\/notas\/var\/www\/html\/notas\/wp-content\/uploads\/2014\/05\/Caama\u00f1o-y-Molea.jpg\"><img loading=\"lazy\" decoding=\"async\" class=\"alignnone size-medium wp-image-42617\" src=\"http:\/\/www.elsindical.com.ar\/notas\/var\/www\/html\/notas\/wp-content\/uploads\/2014\/05\/Caama\u00f1o-y-Molea-300x196.jpg\" alt=\"Caama\u00f1o-y-Molea\" width=\"300\" height=\"196\" srcset=\"https:\/\/www.elsindical.com.ar\/notas\/var\/www\/html\/notas\/wp-content\/uploads\/2014\/05\/Caama\u00f1o-y-Molea-300x196.jpg 300w, https:\/\/www.elsindical.com.ar\/notas\/var\/www\/html\/notas\/wp-content\/uploads\/2014\/05\/Caama\u00f1o-y-Molea-459x300.jpg 459w, https:\/\/www.elsindical.com.ar\/notas\/var\/www\/html\/notas\/wp-content\/uploads\/2014\/05\/Caama\u00f1o-y-Molea.jpg 531w\" sizes=\"auto, (max-width: 300px) 100vw, 300px\" \/><\/a>El referente del Frente Renovador y la diputada nacional estuvieron acompa\u00f1ados por el presidente del bloque de diputados bonaerenses del massismo, Rub\u00e9n Eslaiman, y los concejales de Esteban Echeverr\u00eda del espacio. M\u00e1s de un centenar de vecinos se reunieron en el Club Social de Tenis Monte Grande. Antes, los dirigentes realizaron una recorrida por el centro comercial de la localidad. <\/em><\/span><\/span><\/p>\n<p style=\"margin: 0cm 0cm 8pt;\"><span style=\"color: #000000; font-family: Calibri; font-size: medium;\">El Frente Renovador sigue adelante con la campa\u00f1a de recolecci\u00f3n de firmas en todo el pa\u00eds en rechazo al proyecto de reforma del C\u00f3digo Penal. Tambi\u00e9n, realiza distintas actividades para concientizar sobre \u00a0\u201clas graves consecuencias\u201d que traer\u00eda la modificaci\u00f3n que se plantea en la iniciativa que fue entregada a la presidenta, Cristina Fern\u00e1ndez, el 14 de febrero pasado.<\/span><\/p>\n<p style=\"margin: 0cm 0cm 8pt;\"><span style=\"color: #000000; font-family: Calibri; font-size: medium;\">En toda la regi\u00f3n el trabajo es muy intenso en ambos frentes y\u00a0 una muestra de ello se pudo observar ayer en Esteban Echeverr\u00eda. A la tarea cotidiana que se realiza en el distrito se sum\u00f3 la visita de la diputada nacional Graciela Cama\u00f1o, quien recorri\u00f3 el centro comercial de Monte Grande junto a concejales del espacio que lidera Sergio Massa y luego encabez\u00f3, junto al rector de la Universidad Nacional de Lomas de Zamora, Diego Molea, un encuentro con vecinos de la zona en el Club Social de Tenis. La legisladora y el referente del massismo estuvieron acompa\u00f1ados por el jefe del bloque de diputados provinciales del FR, Rub\u00e9n Eslaiman, y los concejales Roberto Devoto, Ram\u00f3n Vallejos, N\u00e9stor Pulichino, Pablo Losada y Carla Bartucci.<\/span><\/p>\n<p style=\"margin: 0cm 0cm 8pt;\"><span style=\"color: #000000; font-family: Calibri; font-size: medium;\">Durante la charla, el titular de la UNLZ sostuvo que el proyecto de reforma del C\u00f3digo Penal \u201cno est\u00e1 en sinton\u00eda con la problem\u00e1tica actual de la inseguridad, y no es lo que quiere y necesita la gente\u201d, y a\u00f1adi\u00f3: \u201cEstamos trabajando muy fuerte para que los vecinos se enteren de la gravedad que tiene esta reforma que se pretende aprobar\u201d.<\/span><\/p>\n<p style=\"margin: 0cm 0cm 8pt;\"><span style=\"color: #000000; font-family: Calibri; font-size: medium;\">\u201cTodav\u00eda somos una expresi\u00f3n minoritaria en el Congreso, por eso queremos llegar a las cinco millones de firmas para exigir con ese respaldo la consulta popular\u201d, manifest\u00f3 Molea y afirm\u00f3: \u201cNuestro pueblo debe definir este tema\u201d.<\/span><\/p>\n<p style=\"margin: 0cm 0cm 8pt;\"><span style=\"color: #000000; font-family: Calibri; font-size: medium;\">Luego, en referencia al env\u00edo del proyecto de reforma para su discusi\u00f3n en las universidades, inform\u00f3: \u201cEn nuestra casa estudios ya lo estamos haciendo, pero no s\u00f3lo con los acad\u00e9micos, sino con todos los sectores de la sociedad\u201d, y complet\u00f3: \u201cAlgunos intelectuales creen que pueden definir las leyes y las pol\u00edticas p\u00fablicas entre cuatro paredes, pero se equivocan. Si nos llevan a una disputa entre la academia y la gente, nosotros nos quedamos con la gente\u00bb.<\/span><\/p>\n<p style=\"margin: 0cm 0cm 8pt;\"><span style=\"color: #000000; font-family: Calibri; font-size: medium;\">Despu\u00e9s, la diputada Cama\u00f1o tom\u00f3 la palabra y tal como se preve\u00eda lanz\u00f3 duras cr\u00edticas hacia el proyecto de reforma del C\u00f3digo Penal al que calific\u00f3 de \u201cabolicionista y alejado de la realidad de la gente\u201d.<\/span><\/p>\n<p style=\"margin: 0cm 0cm 8pt;\"><span style=\"color: #000000; font-family: Calibri; font-size: medium;\">\u201cEllos no creen en la pena, esa es la diferencia central que tenemos con este C\u00f3digo\u201d, se\u00f1al\u00f3 la legisladora nacional al hacer referencia a los codificadores que trabajaron en la iniciativa, y sostuvo: \u201cEste C\u00f3digo tiene siete garant\u00edas y son todas para los delincuentes\u201d.<\/span><\/p>\n<p style=\"margin: 0cm 0cm 8pt;\"><span style=\"color: #000000; font-family: Calibri; font-size: medium;\">\u201cLa sociedad es culpable de lo que hacen los delincuentes. Ese es el pensamiento filos\u00f3fico de este proyecto\u201d, y alert\u00f3: \u201cYo no creo que no vayan a tratar este proyecto, por eso queremos las cinco millones de firmas para ponerle freno\u201d.<\/span><\/p>\n<p style=\"margin: 0cm 0cm 8pt;\"><span style=\"color: #000000; font-family: Calibri; font-size: medium;\">Antes, al comenzar la actividad, Vallejos fue el encargado de dar la bienvenida. Luego de los agradecimientos y las presentaciones, el edil le cedi\u00f3 la palabra a su par Devoto quien destac\u00f3 la importancia de la realizaci\u00f3n del encuentro ya que su tem\u00e1tica \u201ctiene que ver con la principal preocupaci\u00f3n de nuestros vecinos\u201d. \u201cLo palpamos en los barrios, la gente nos pide que hagamos algo con la inseguridad y tiene mucha fe en que este espacio que lidera Sergio Massa le pueda dar las soluciones que esper\u00f3 durante tanto tiempo\u201d. <\/span><\/p>\n","protected":false},"excerpt":{"rendered":"<p>El referente del Frente Renovador y la diputada nacional estuvieron acompa\u00f1ados por el presidente del bloque de diputados bonaerenses del massismo, Rub\u00e9n Eslaiman, y los concejales de Esteban Echeverr\u00eda del espacio. M\u00e1s de un centenar de vecinos se reunieron en el Club Social de Tenis Monte Grande. Antes, los dirigentes realizaron una recorrida por el&hellip;<\/p>\n","protected":false},"author":1,"featured_media":0,"comment_status":"open","ping_status":"open","sticky":false,"template":"","format":"standard","meta":{"footnotes":""},"categories":[13],"tags":[4144,16445,18688,4140],"class_list":["post-42615","post","type-post","status-publish","format-standard","hentry","category-politica","tag-diego-molea","tag-frente-renovador","tag-graciela-caamano","tag-unlz"],"_links":{"self":[{"href":"https:\/\/www.elsindical.com.ar\/notas\/wp-json\/wp\/v2\/posts\/42615","targetHints":{"allow":["GET"]}}],"collection":[{"href":"https:\/\/www.elsindical.com.ar\/notas\/wp-json\/wp\/v2\/posts"}],"about":[{"href":"https:\/\/www.elsindical.com.ar\/notas\/wp-json\/wp\/v2\/types\/post"}],"author":[{"embeddable":true,"href":"https:\/\/www.elsindical.com.ar\/notas\/wp-json\/wp\/v2\/users\/1"}],"replies":[{"embeddable":true,"href":"https:\/\/www.elsindical.com.ar\/notas\/wp-json\/wp\/v2\/comments?post=42615"}],"version-history":[{"count":2,"href":"https:\/\/www.elsindical.com.ar\/notas\/wp-json\/wp\/v2\/posts\/42615\/revisions"}],"predecessor-version":[{"id":42618,"href":"https:\/\/www.elsindical.com.ar\/notas\/wp-json\/wp\/v2\/posts\/42615\/revisions\/42618"}],"wp:attachment":[{"href":"https:\/\/www.elsindical.com.ar\/notas\/wp-json\/wp\/v2\/media?parent=42615"}],"wp:term":[{"taxonomy":"category","embeddable":true,"href":"https:\/\/www.elsindical.com.ar\/notas\/wp-json\/wp\/v2\/categories?post=42615"},{"taxonomy":"post_tag","embeddable":true,"href":"https:\/\/www.elsindical.com.ar\/notas\/wp-json\/wp\/v2\/tags?post=42615"}],"curies":[{"name":"wp","href":"https:\/\/api.w.org\/{rel}","templated":true}]}}