{"id":42531,"date":"2014-05-11T01:48:20","date_gmt":"2014-05-11T04:48:20","guid":{"rendered":"http:\/\/www.elsindical.com.ar\/notas\/?p=42531"},"modified":"2014-05-11T01:48:20","modified_gmt":"2014-05-11T04:48:20","slug":"cada-tres-minutos-asaltan-a-un-pasajero-de-colectivos","status":"publish","type":"post","link":"https:\/\/www.elsindical.com.ar\/notas\/cada-tres-minutos-asaltan-a-un-pasajero-de-colectivos\/","title":{"rendered":"Cada tres minutos asaltan a un pasajero de colectivos"},"content":{"rendered":"<p class=\"p1 newDetailTextChange\"><em><a href=\"http:\/\/www.elsindical.com.ar\/notas\/var\/www\/html\/notas\/wp-content\/uploads\/2014\/05\/pasajeros-c\u00e1mara-de-seguridad.jpg\"><img loading=\"lazy\" decoding=\"async\" class=\"alignnone size-medium wp-image-42532\" src=\"http:\/\/www.elsindical.com.ar\/notas\/var\/www\/html\/notas\/wp-content\/uploads\/2014\/05\/pasajeros-c\u00e1mara-de-seguridad-300x239.jpg\" alt=\"pasajeros-c\u00e1mara-de-seguridad\" width=\"300\" height=\"239\" srcset=\"https:\/\/www.elsindical.com.ar\/notas\/var\/www\/html\/notas\/wp-content\/uploads\/2014\/05\/pasajeros-c\u00e1mara-de-seguridad-300x239.jpg 300w, https:\/\/www.elsindical.com.ar\/notas\/var\/www\/html\/notas\/wp-content\/uploads\/2014\/05\/pasajeros-c\u00e1mara-de-seguridad-375x300.jpg 375w, https:\/\/www.elsindical.com.ar\/notas\/var\/www\/html\/notas\/wp-content\/uploads\/2014\/05\/pasajeros-c\u00e1mara-de-seguridad.jpg 443w\" sizes=\"auto, (max-width: 300px) 100vw, 300px\" \/><\/a>Las v\u00edctimas son quienes aguardan la llegada de las unidades en las paradas. Por lo general, las asaltan motochorros armados. Piden mayor control de las fuerzas de seguridad y que empresas aumenten las frecuencias.<\/em><\/p>\n<p class=\"p1 newDetailTextChange\">En<b> Capital Federal y el Conurbano son mayor\u00eda los ciudadanos que utilizan los colectivos para trasladarse<\/b>. Van y vuelven de sus trabajos, espacios de estudio, entre decenas de motivaciones u obligaciones. Nadie como los usuarios para entender los problemas al momento de las esperas interminables en las paradas, la falta de luz en los barrios y, en sinton\u00eda, el desamparo ante situaciones delictivas violentas. De hecho, <b>una organizaci\u00f3n de v\u00edctimas del transporte p\u00fablico calcula que son v\u00edctimas de un robo cada 3 minutos.<\/b><\/p>\n<p>As\u00ed lo revel\u00f3 un estudio realizado por la <b>Comisi\u00f3n Nacional de V\u00edctimas del Transporte P\u00fablico<\/b>, cuyo titular <b>Mart\u00edn Lescano<\/b> manifest\u00f3 que \u00ablo que se observa en nuestro relevamiento es que la mayor\u00eda de los episodios con robos<b> son bajo amenazas de utilizaci\u00f3n de armas y para abordar a las v\u00edctimas los delincuentes llegan en motocicletas<\/b>, que luego utilizan obviamente para fugar del lugar\u00bb.<\/p>\n<p><b>\u00abCoordinar esfuerzos\u00bb<\/b><\/p>\n<p>\u00abLo que venimos planteando al realizar este informe es la necesidad de<b> coordinar esfuerzos entre las fuerzas de seguridad<\/b> que desde hace un tiempo est\u00e1n involucradas en el intento de frenar los hechos delictivos que sufre la gente com\u00fan. En ese contexto, el usuario de colectivos necesita salir de su casa sin sentir miedo o con este sentimiento actual de tener la certeza de que en alg\u00fan momento sufrir\u00e1 un robo\u00bb, dijo Lescano.<\/p>\n<p>El 6 de enero pasado, en la ciudad bonaerense de <b>Campana <\/b>se registr\u00f3 un caso extremo de robo a un usuario de colectivo. La v\u00edctima fue<b> Sergio Vergara<\/b>, un hombre de 52 a\u00f1os que todos los d\u00edas caminaba diez cuadras, a\u00fan de madrugada, desde su casa hasta la parada de colectivo, sobre la Ruta 9. Pero ese d\u00eda no lleg\u00f3 a su trabajo en una metal\u00fargica, y<b> tampoco regres\u00f3 a su casa con su familia<\/b>, porque en el camino dos motochorros lo interceptaron con intenciones de robo y con dos disparos terminaron brutalmente con su vida.<\/p>\n<p>\u00abDesde el Estado nacional se viene haciendo un enorme esfuerzo para involucrar en este problema a la <b>Gendarmer\u00eda y la Prefectura Naval<\/b>, que cumplen funciones de apoyo a la Polic\u00eda Bonaerense. Lo que se requiere es de mayor estrategia para que esos recursos se conviertan efectivamente en mayor presencia de uniformados en horas cr\u00edticas en los alrededores de las paradas, porque los usuarios de colectivos son blancos fijos para los delincuentes\u00bb, dijo Lescano.<\/p>\n<p>Aunque el relevamiento involucra exclusivamente al territorio bonaerense, y tambi\u00e9n a la Capital Federal, dado que muchas l\u00edneas de colectivos transitan por ambas jurisdicciones con problemas similares, los casos violentos ocurren en todo el pa\u00eds.<\/p>\n<p>Tambi\u00e9n en enero de este a\u00f1o, la maestra jardinera <b>Isolina Stang<\/b>, de 38 a\u00f1os y madre de tres chicos, muri\u00f3 a causa de una certera pu\u00f1alada que le asest\u00f3 un delincuente que le rob\u00f3 su cartera cuando esperaba un colectivo para concurrir a su trabajo en una escuela de Misiones.<\/p>\n<p><b>V\u00edctimas humildes<\/b><\/p>\n<p>\u00ab<b>Las v\u00edctimas son, en su enorme mayor\u00eda, personas de trabajo,<\/b> gente humilde que elige los colectivos pero tambi\u00e9n los utiliza porque no tienen opciones. Entonces, salen de madrugada o vuelven a sus hogares de noche. Se debe pensar, cuando se desarrollan los planes de seguridad, en toda esa masa de trabajadores que camina a oscuras hasta las paradas, o que debe sufrir largas esperas hasta que llegue la unidad. Aqu\u00ed tambi\u00e9n juegan un rol clave las empresas que no cumplen las frecuencias. No es lo mismo para una persona esperar diez minutos que una hora. <b>Porque en ese lapso es un blanco fijo para los malvivientes<\/b>\u00ab, se\u00f1al\u00f3 Lescano.<\/p>\n<p class=\"p1 newDetailTextChange\">\n<p class=\"p1 newDetailTextChange\"><strong>Fuente: Diario Popular<\/strong><\/p>\n","protected":false},"excerpt":{"rendered":"<p>Las v\u00edctimas son quienes aguardan la llegada de las unidades en las paradas. Por lo general, las asaltan motochorros armados. Piden mayor control de las fuerzas de seguridad y que empresas aumenten las frecuencias. En Capital Federal y el Conurbano son mayor\u00eda los ciudadanos que utilizan los colectivos para trasladarse. Van y vuelven de sus&hellip;<\/p>\n","protected":false},"author":1,"featured_media":0,"comment_status":"open","ping_status":"open","sticky":false,"template":"","format":"standard","meta":{"footnotes":""},"categories":[25],"tags":[4186,308,402,1174],"class_list":["post-42531","post","type-post","status-publish","format-standard","hentry","category-sociedad","tag-colectivos","tag-motochorros","tag-pasajeros","tag-robos"],"_links":{"self":[{"href":"https:\/\/www.elsindical.com.ar\/notas\/wp-json\/wp\/v2\/posts\/42531","targetHints":{"allow":["GET"]}}],"collection":[{"href":"https:\/\/www.elsindical.com.ar\/notas\/wp-json\/wp\/v2\/posts"}],"about":[{"href":"https:\/\/www.elsindical.com.ar\/notas\/wp-json\/wp\/v2\/types\/post"}],"author":[{"embeddable":true,"href":"https:\/\/www.elsindical.com.ar\/notas\/wp-json\/wp\/v2\/users\/1"}],"replies":[{"embeddable":true,"href":"https:\/\/www.elsindical.com.ar\/notas\/wp-json\/wp\/v2\/comments?post=42531"}],"version-history":[{"count":1,"href":"https:\/\/www.elsindical.com.ar\/notas\/wp-json\/wp\/v2\/posts\/42531\/revisions"}],"predecessor-version":[{"id":42533,"href":"https:\/\/www.elsindical.com.ar\/notas\/wp-json\/wp\/v2\/posts\/42531\/revisions\/42533"}],"wp:attachment":[{"href":"https:\/\/www.elsindical.com.ar\/notas\/wp-json\/wp\/v2\/media?parent=42531"}],"wp:term":[{"taxonomy":"category","embeddable":true,"href":"https:\/\/www.elsindical.com.ar\/notas\/wp-json\/wp\/v2\/categories?post=42531"},{"taxonomy":"post_tag","embeddable":true,"href":"https:\/\/www.elsindical.com.ar\/notas\/wp-json\/wp\/v2\/tags?post=42531"}],"curies":[{"name":"wp","href":"https:\/\/api.w.org\/{rel}","templated":true}]}}