{"id":42529,"date":"2014-05-11T01:42:26","date_gmt":"2014-05-11T04:42:26","guid":{"rendered":"http:\/\/www.elsindical.com.ar\/notas\/?p=42529"},"modified":"2014-05-11T01:42:26","modified_gmt":"2014-05-11T04:42:26","slug":"la-platadetuvieron-a-pedofilos-que-simulaban-ser-productores-de-cris-morena","status":"publish","type":"post","link":"https:\/\/www.elsindical.com.ar\/notas\/la-platadetuvieron-a-pedofilos-que-simulaban-ser-productores-de-cris-morena\/","title":{"rendered":"La Plata:Detuvieron a ped\u00f3filos que simulaban ser productores de Cris Morena"},"content":{"rendered":"<p class=\"p1 newDetailTextChange\"><em><a href=\"http:\/\/www.elsindical.com.ar\/notas\/var\/www\/html\/notas\/wp-content\/uploads\/2010\/01\/esposado.jpg\"><img loading=\"lazy\" decoding=\"async\" class=\"alignnone size-full wp-image-2812\" src=\"http:\/\/www.elsindical.com.ar\/notas\/var\/www\/html\/notas\/wp-content\/uploads\/2010\/01\/esposado.jpg\" alt=\"esposado\" width=\"227\" height=\"157\" \/><\/a>Actuaba junto a un c\u00f3mplice en La Plata. Enga\u00f1aban a ni\u00f1as y adolescentes por medio de chats en redes sociales. Les exig\u00edan que les enviaran fotos de ellas desnudas o con ropa interior.<\/em><\/p>\n<p>Dos sujetos acusados de ser <b>ped\u00f3filos <\/b>y de enga\u00f1ar a<b> menores de edad <\/b>por medio de chats en redes sociales fueron detenidos tras un fuerte rastrillaje de la Polic\u00eda en La Plata.<\/p>\n<p>Los hombres de 37 y 47 a\u00f1os, oriundos de la <b>capital bonaerense y la Capital Federal respectivamente,<\/b> les ped\u00edan a las ni\u00f1as que enviaran fotos de ellas desnudas o con ropa interior.<\/p>\n<p>Uno de ellos aseguraba ser productor de la serie televisiva <b>\u00abCasi \u00c1ngeles\u00bb<\/b> (ya no se emite) y estar asociado con <b>Cris Morena.<\/b><\/p>\n<p>La investigaci\u00f3n comenz\u00f3 en 2010 y actuaron diversas \u00e1reas de la Superintendencia de Delitos Complejos y el an\u00e1lisis de psic\u00f3logos. A pesar del arresto, la causa contin\u00faa debido a que se sospecha que pueda ser una banda con m\u00e1s integrantes.<\/p>\n<p>La banda operaba en La Plata y Capital, a trav\u00e9s de diversos ciber caf\u00e9s para que no se conozcan los IP de las computadoras desde donde <b>\u00abatacaban\u00bb a las v\u00edctimas.<\/b><\/p>\n","protected":false},"excerpt":{"rendered":"<p>Actuaba junto a un c\u00f3mplice en La Plata. Enga\u00f1aban a ni\u00f1as y adolescentes por medio de chats en redes sociales. Les exig\u00edan que les enviaran fotos de ellas desnudas o con ropa interior. Dos sujetos acusados de ser ped\u00f3filos y de enga\u00f1ar a menores de edad por medio de chats en redes sociales fueron detenidos&hellip;<\/p>\n","protected":false},"author":1,"featured_media":0,"comment_status":"open","ping_status":"open","sticky":false,"template":"","format":"standard","meta":{"footnotes":""},"categories":[22],"tags":[18657,4774,239,2504],"class_list":["post-42529","post","type-post","status-publish","format-standard","hentry","category-policiales","tag-casi-angeles","tag-cris-morena","tag-la-plata","tag-pedofilos"],"_links":{"self":[{"href":"https:\/\/www.elsindical.com.ar\/notas\/wp-json\/wp\/v2\/posts\/42529","targetHints":{"allow":["GET"]}}],"collection":[{"href":"https:\/\/www.elsindical.com.ar\/notas\/wp-json\/wp\/v2\/posts"}],"about":[{"href":"https:\/\/www.elsindical.com.ar\/notas\/wp-json\/wp\/v2\/types\/post"}],"author":[{"embeddable":true,"href":"https:\/\/www.elsindical.com.ar\/notas\/wp-json\/wp\/v2\/users\/1"}],"replies":[{"embeddable":true,"href":"https:\/\/www.elsindical.com.ar\/notas\/wp-json\/wp\/v2\/comments?post=42529"}],"version-history":[{"count":1,"href":"https:\/\/www.elsindical.com.ar\/notas\/wp-json\/wp\/v2\/posts\/42529\/revisions"}],"predecessor-version":[{"id":42530,"href":"https:\/\/www.elsindical.com.ar\/notas\/wp-json\/wp\/v2\/posts\/42529\/revisions\/42530"}],"wp:attachment":[{"href":"https:\/\/www.elsindical.com.ar\/notas\/wp-json\/wp\/v2\/media?parent=42529"}],"wp:term":[{"taxonomy":"category","embeddable":true,"href":"https:\/\/www.elsindical.com.ar\/notas\/wp-json\/wp\/v2\/categories?post=42529"},{"taxonomy":"post_tag","embeddable":true,"href":"https:\/\/www.elsindical.com.ar\/notas\/wp-json\/wp\/v2\/tags?post=42529"}],"curies":[{"name":"wp","href":"https:\/\/api.w.org\/{rel}","templated":true}]}}