{"id":42526,"date":"2014-05-11T00:49:56","date_gmt":"2014-05-11T03:49:56","guid":{"rendered":"http:\/\/www.elsindical.com.ar\/notas\/?p=42526"},"modified":"2014-05-11T00:49:56","modified_gmt":"2014-05-11T03:49:56","slug":"efemeridesdel-dia-11-de-mayo-4","status":"publish","type":"post","link":"https:\/\/www.elsindical.com.ar\/notas\/efemeridesdel-dia-11-de-mayo-4\/","title":{"rendered":"EFEM\u00c9RIDES:DEL D\u00cdA 11 DE MAYO"},"content":{"rendered":"<p><a href=\"http:\/\/www.elsindical.com.ar\/notas\/var\/www\/html\/notas\/wp-content\/uploads\/2014\/05\/Salvador-Dal\u00ed.jpg\"><img loading=\"lazy\" decoding=\"async\" class=\"alignnone size-medium wp-image-42527\" src=\"http:\/\/www.elsindical.com.ar\/notas\/var\/www\/html\/notas\/wp-content\/uploads\/2014\/05\/Salvador-Dal\u00ed-225x300.jpg\" alt=\"Salvador-Dal\u00ed\" width=\"225\" height=\"300\" srcset=\"https:\/\/www.elsindical.com.ar\/notas\/var\/www\/html\/notas\/wp-content\/uploads\/2014\/05\/Salvador-Dal\u00ed-225x300.jpg 225w, https:\/\/www.elsindical.com.ar\/notas\/var\/www\/html\/notas\/wp-content\/uploads\/2014\/05\/Salvador-Dal\u00ed.jpg 325w\" sizes=\"auto, (max-width: 225px) 100vw, 225px\" \/><\/a>En otro 11 de mayo pero de 1981, muere Bob Marley, m\u00fasico jamaicano.<\/p>\n<p>1849- Muere Francisco Ortega, poeta y pol\u00edtico mexicano.<\/p>\n<p>1873- Guerra de Cuba. Ignacio Agramonte muere en los campos de Jimaguay\u00fa por la independencia de su pa\u00eds.<\/p>\n<p>1898- Guerra de Cuba. La flota estadounidense bombardea la ciudad de C\u00e1rdenas, pero fracasa en su intento de desembarco.<\/p>\n<p>1904- Nace Salvador Dal\u00ed, pintor espa\u00f1ol.<\/p>\n<p>1911- Revoluci\u00f3n en M\u00e9xico. Firma de la paz entre los revolucionarios y el presidente Porfirio D\u00edaz, al que sustituye Le\u00f3n de la Barra.<\/p>\n<p>1916- Nace Camilo Jos\u00e9 Cela, escritor espa\u00f1ol, Premio Nobel 1989.<\/p>\n<p>1927- Fundaci\u00f3n de la Academia de las Artes y las Ciencias Cinematogr\u00e1ficas de Hollywood.<\/p>\n<p>1928- Primeras emisiones regulares de TV en Nueva York.<\/p>\n<p>1932- Nace Valentino Garavani, \u00abValentino\u00bb, dise\u00f1ador italiano.<\/p>\n<p>1935- Nace Francisco Umbral, escritor espa\u00f1ol.<\/p>\n<p>1936- Nace Carlos Lyra, compositor y m\u00fasico brasile\u00f1o.<\/p>\n<p>1941- Segunda Guerra Mundial. Londres sufre el m\u00e1s duro bombardeo a\u00e9reo.<\/p>\n<p>1944- Comienza la ofensiva aliada en Italia.<\/p>\n<p>1946- Muere Pedro Henr\u00edquez Ure\u00f1a, escritor dominicano.<\/p>\n<p>1949- Israel es admitido en la ONU.<\/p>\n<p>1949- El vicepresidente de Panam\u00e1, Alcib\u00edades Arosamena, asume la Presidencia del pa\u00eds tras el derrocamiento de Arnulfo Arias.<\/p>\n<p>1950- Los ministros de Exteriores de seis pa\u00edses europeos occidentales aprueban el plan de Robert Schuman sobre el carb\u00f3n y el acero de Alemania y Francia, con lo que nace la CECA, precursora del mercado com\u00fan europeo.<\/p>\n<p>1950- Fundaci\u00f3n del Partido Dem\u00f3crata Cristiano Alem\u00e1n, presidido por Konrad Adenauer.<\/p>\n<p>1952- Jos\u00e9 Rem\u00f3n gana las presidenciales en Panam\u00e1.<\/p>\n<p>1954- La reina Isabel II de Inglaterra pasa 36 horas en Gibraltar, lo que provoca en\u00e9rgicas protestas espa\u00f1olas.<\/p>\n<p>1960- Los servicios secretos israel\u00edes secuestran en Buenos Aires y conducen a Israel al criminal de guerra nazi Adolf Eichmann.<\/p>\n<p>1964- EEUU presenta el nuevo superbombardero B-70, con un radio de acci\u00f3n de 9.600 kil\u00f3metros y una velocidad tres veces superior a la del sonido.<\/p>\n<p>1971- Acuerdo comercial de libre intercambio entre la CEE e Israel.<\/p>\n<p>1976- El embajador de Bolivia en Par\u00eds, general Zenteno Anaya, es asesinado por dos desconocidos, presuntamente pertenecientes a la Brigada Internacional Che Guevara.<\/p>\n<p>1981- Costa Rica rompe relaciones diplom\u00e1ticas con Cuba.<\/p>\n<p>1984- Elecciones en Panam\u00e1: Ardito Barletta obtiene una ajustada victoria sobre Arnulfo Arias.<\/p>\n<p>1984- Jos\u00e9 Napole\u00f3n Duarte, proclamado presidente de El Salvador.<\/p>\n<p>1985- Un incendio destruye una tribuna del campo de f\u00fatbol de Bradford City en Inglaterra y mueren 56 personas.<\/p>\n<p>1988- Muere Harold Philby, famoso esp\u00eda anglo-sovi\u00e9tico.<\/p>\n<p>1988- Militares leales al presidente de Guatemala, Vinicio Cerezo, abortan un intento golpista militar, apoyado por civiles de extrema derecha.<\/p>\n<p>1989- Cuba y Venezuela restablecen sus relaciones diplom\u00e1ticas tras diez a\u00f1os rotas.<\/p>\n<p>1992- El general Fidel Ramos gana las presidenciales en Filipinas.<\/p>\n<p>1995- Los 178 pa\u00edses signatarios en la ONU prorrogan indefinidamente el Tratado de No Proliferaci\u00f3n Nuclear.<\/p>\n<p>1998- India efect\u00faa tres pruebas at\u00f3micas subterr\u00e1neas en el desierto de Rajast\u00e1n.<\/p>\n<p>2001- La puertorrique\u00f1a Dense Qui\u00f1\u00f3nez es proclamada Miss Universo.<\/p>\n<p>2001- El Congreso de Per\u00fa hace p\u00fablico dos v\u00eddeos en los que el pr\u00f3fugo Montesinos entrega un mill\u00f3n de d\u00f3lares al ex director del diario lime\u00f1o Expreso, para comprar acciones de Cable Canal de Noticias (CCN).<\/p>\n<p>2003- Lituania respalda en refer\u00e9ndum su entrada en la UE.<\/p>\n<p>2005- Los Parlamentos de Austria y Eslovaquia ratifican el Tratado de Constituci\u00f3n Europea.<\/p>\n","protected":false},"excerpt":{"rendered":"<p>En otro 11 de mayo pero de 1981, muere Bob Marley, m\u00fasico jamaicano. 1849- Muere Francisco Ortega, poeta y pol\u00edtico mexicano. 1873- Guerra de Cuba. Ignacio Agramonte muere en los campos de Jimaguay\u00fa por la independencia de su pa\u00eds. 1898- Guerra de Cuba. La flota estadounidense bombardea la ciudad de C\u00e1rdenas, pero fracasa en su&hellip;<\/p>\n","protected":false},"author":1,"featured_media":0,"comment_status":"open","ping_status":"open","sticky":false,"template":"","format":"standard","meta":{"footnotes":""},"categories":[14],"tags":[],"class_list":["post-42526","post","type-post","status-publish","format-standard","hentry","category-efemerides"],"_links":{"self":[{"href":"https:\/\/www.elsindical.com.ar\/notas\/wp-json\/wp\/v2\/posts\/42526","targetHints":{"allow":["GET"]}}],"collection":[{"href":"https:\/\/www.elsindical.com.ar\/notas\/wp-json\/wp\/v2\/posts"}],"about":[{"href":"https:\/\/www.elsindical.com.ar\/notas\/wp-json\/wp\/v2\/types\/post"}],"author":[{"embeddable":true,"href":"https:\/\/www.elsindical.com.ar\/notas\/wp-json\/wp\/v2\/users\/1"}],"replies":[{"embeddable":true,"href":"https:\/\/www.elsindical.com.ar\/notas\/wp-json\/wp\/v2\/comments?post=42526"}],"version-history":[{"count":1,"href":"https:\/\/www.elsindical.com.ar\/notas\/wp-json\/wp\/v2\/posts\/42526\/revisions"}],"predecessor-version":[{"id":42528,"href":"https:\/\/www.elsindical.com.ar\/notas\/wp-json\/wp\/v2\/posts\/42526\/revisions\/42528"}],"wp:attachment":[{"href":"https:\/\/www.elsindical.com.ar\/notas\/wp-json\/wp\/v2\/media?parent=42526"}],"wp:term":[{"taxonomy":"category","embeddable":true,"href":"https:\/\/www.elsindical.com.ar\/notas\/wp-json\/wp\/v2\/categories?post=42526"},{"taxonomy":"post_tag","embeddable":true,"href":"https:\/\/www.elsindical.com.ar\/notas\/wp-json\/wp\/v2\/tags?post=42526"}],"curies":[{"name":"wp","href":"https:\/\/api.w.org\/{rel}","templated":true}]}}