{"id":42520,"date":"2014-05-10T19:03:59","date_gmt":"2014-05-10T22:03:59","guid":{"rendered":"http:\/\/www.elsindical.com.ar\/notas\/?p=42520"},"modified":"2014-05-10T21:17:23","modified_gmt":"2014-05-11T00:17:23","slug":"avellanedalanzamiento-del-frente-renovador-con-un-felipe-sola-afiladisimo","status":"publish","type":"post","link":"https:\/\/www.elsindical.com.ar\/notas\/avellanedalanzamiento-del-frente-renovador-con-un-felipe-sola-afiladisimo\/","title":{"rendered":"Avellaneda:Lanzamiento del Frente Renovador con un Felipe Sola afilad\u00edsimo"},"content":{"rendered":"<p><a href=\"http:\/\/www.elsindical.com.ar\/notas\/var\/www\/html\/notas\/wp-content\/uploads\/2014\/05\/Frente-Renovador-Avellaneda-lanzamiento.jpg\"><img loading=\"lazy\" decoding=\"async\" class=\"alignnone size-medium wp-image-42521\" src=\"http:\/\/www.elsindical.com.ar\/notas\/var\/www\/html\/notas\/wp-content\/uploads\/2014\/05\/Frente-Renovador-Avellaneda-lanzamiento-300x177.jpg\" alt=\"Frente-Renovador-Avellaneda-lanzamiento\" width=\"300\" height=\"177\" srcset=\"https:\/\/www.elsindical.com.ar\/notas\/var\/www\/html\/notas\/wp-content\/uploads\/2014\/05\/Frente-Renovador-Avellaneda-lanzamiento-300x177.jpg 300w, https:\/\/www.elsindical.com.ar\/notas\/var\/www\/html\/notas\/wp-content\/uploads\/2014\/05\/Frente-Renovador-Avellaneda-lanzamiento-500x295.jpg 500w, https:\/\/www.elsindical.com.ar\/notas\/var\/www\/html\/notas\/wp-content\/uploads\/2014\/05\/Frente-Renovador-Avellaneda-lanzamiento.jpg 620w\" sizes=\"auto, (max-width: 300px) 100vw, 300px\" \/><\/a>El viernes 9 de mayo a las 18:30 hs. comenzaron los festejos y la presentaci\u00f3n en sociedad del Frente Renovador de Avellaneda, con una amplia concurrencia de pol\u00edticos y con un Felipe Sola afilad\u00edsimo que no dej\u00f3 tema por tocar\u00a0y no esquiv\u00f3 ninguna pregunta, inseguridad, derechos humanos, patotas y barras asociadas a la pol\u00edtica, corrupci\u00f3n, narcotr\u00e1fico.<\/p>\n<p>Reproducimos el comunicado de prensa y recomendamos el video de la conferencia de prensa con los medios.<\/p>\n<p>Bajo un imponente marco de m\u00e1s de mil personas el\u00a0concejal Jos\u00e9 Alessi, acompa\u00f1ado por el Diputado Nacional por el Frente Renovador Felipe Sola, la Diputada Provincial M\u00f3nica L\u00f3pez, los Concejales del Bloque del Frente Renovador de Avellaneda, su presidente Gustavo Breque, Benicio Guti\u00e9rrez, Jorge Gamarra, Ram\u00f3n Pereyra, Carmen L\u00f3pez, Ram\u00f3n Leiva, Daniel Lewicki.<\/p>\n<p>Se encontraban presentes los <span class=\"text_exposed_show\">integrantes de la Juventud del Frente Renovador de Avellaneda, cuyo, orador fue su referente Maximiliano \u00c1lvarez.<\/span><\/p>\n<p><span class=\"text_exposed_show\">El acto comenz\u00f3 con una palabras del Secretario Gral de los Barraqueros, Sr H\u00e9ctor De Le\u00f3n luego tomo la palabra el referente de la Juventud del Frente Renovador de Avellaneda, Maximiliano \u00c1lvarez, agradeciendo la invitaci\u00f3n y brindando su total y absoluto apoyo a los dirigentes-\u201c Los j\u00f3venes estamos aqu\u00ed presentes para apoyar la Renovaci\u00f3n de Avellaneda\u201c.<\/span><\/p>\n<p><span class=\"text_exposed_show\">Acto seguido brindo unas palabras la Diputada Provincial M\u00f3nica L\u00f3pez, quien expreso -\u201csabemos bien lo que necesita Avellaneda y el resto de los partidos. Por eso, m\u00e1s all\u00e1 de las mejoras en educaci\u00f3n, salud y seguridad, entre otros \u00edtems, hace falta responsabilidad de los funcionarios pol\u00edticos. Queremos construir aquel pueblo tan so\u00f1ado por todos. Para eso, es fundamental la unidad pol\u00edtica y social\u201d, destac\u00f3 la Diputada Provincial.<\/span><\/p>\n<p><span class=\"text_exposed_show\">Luego lleg\u00f3 el turno del Cjal Jos\u00e9 Alessi, quien manifest\u00f3, -es lamentable ver como cada d\u00eda, en la ciudad de Avellaneda los problemas empeoran cada vez m\u00e1s. La Inseguridad es moneda corriente, ya son 48 los muertos en la localidad, una situaci\u00f3n deplorable, la falta de trabajo, esto tiene que cambiar rotundamente, al vecino hay que brindarle respuestas no alternativas, Durante estos dos a\u00f1os, el Frente Renovador de Avellaneda ocupar\u00e1 el espacio de opositor. No obstante, creo que existe un gobierno ausente, sin criterios ni objetivos claros, es solo maquillaje que ese costo lo pagan los vecinos.<\/span><\/p>\n<p><span class=\"text_exposed_show\">Agradeci\u00f3 a los presentes, se mostr\u00f3 muy emocionado, ante tanto fervor brindado por los militantes, dirigentes, vecinos y amigos, presentes que cantaban su nombre al son de \u201c\u201dAlessi,Alessi \u00a1!!!<\/span><\/p>\n<p><span class=\"text_exposed_show\">Para finalizar tomo la palabra el Diputado Nacional Felip\u00e9 Sola Dijo-\u201cel pueblo Argentino necesita vivir seguro, en paz, para gobernar la provincia de Buenos Aires hay que tener coraje, hace 10 a\u00f1os yo firme un decreto la Emergencia de Seguridad, estaba el aumento de presencia policial en las calles; la lucha contra el narcotr\u00e1fico, los l\u00edmites a las excarcelaciones y el endurecimiento de penas, espero 10 a\u00f1os para darse cuenta el Gobernador-su discurso, fue muy duro contra la actual gesti\u00f3n tanto nacional como provincial.<\/span><\/p>\n<p><span class=\"text_exposed_show\"><a href=\"http:\/\/www.elsindical.com.ar\/notas\/var\/www\/html\/notas\/wp-content\/uploads\/2014\/05\/acto-Frente-Renovador-Avellaneda.jpg\"><img loading=\"lazy\" decoding=\"async\" class=\"alignnone size-medium wp-image-42524\" src=\"http:\/\/www.elsindical.com.ar\/notas\/var\/www\/html\/notas\/wp-content\/uploads\/2014\/05\/acto-Frente-Renovador-Avellaneda-300x200.jpg\" alt=\"acto-Frente-Renovador-Avellaneda\" width=\"300\" height=\"200\" srcset=\"https:\/\/www.elsindical.com.ar\/notas\/var\/www\/html\/notas\/wp-content\/uploads\/2014\/05\/acto-Frente-Renovador-Avellaneda-300x200.jpg 300w, https:\/\/www.elsindical.com.ar\/notas\/var\/www\/html\/notas\/wp-content\/uploads\/2014\/05\/acto-Frente-Renovador-Avellaneda-1024x685.jpg 1024w, https:\/\/www.elsindical.com.ar\/notas\/var\/www\/html\/notas\/wp-content\/uploads\/2014\/05\/acto-Frente-Renovador-Avellaneda-448x300.jpg 448w\" sizes=\"auto, (max-width: 300px) 100vw, 300px\" \/><\/a><br \/>\n<\/span><br \/>\n<iframe loading=\"lazy\" src=\"\/\/www.youtube.com\/embed\/ZQxfIiOFLUc\" width=\"580\" height=\"420\" frameborder=\"0\" allowfullscreen=\"allowfullscreen\"><\/iframe><\/p>\n<p>&nbsp;<\/p>\n","protected":false},"excerpt":{"rendered":"<p>El viernes 9 de mayo a las 18:30 hs. comenzaron los festejos y la presentaci\u00f3n en sociedad del Frente Renovador de Avellaneda, con una amplia concurrencia de pol\u00edticos y con un Felipe Sola afilad\u00edsimo que no dej\u00f3 tema por tocar\u00a0y no esquiv\u00f3 ninguna pregunta, inseguridad, derechos humanos, patotas y barras asociadas a la pol\u00edtica, corrupci\u00f3n,&hellip;<\/p>\n","protected":false},"author":1,"featured_media":0,"comment_status":"open","ping_status":"open","sticky":false,"template":"","format":"standard","meta":{"footnotes":""},"categories":[13],"tags":[16445,5075,12692],"class_list":["post-42520","post","type-post","status-publish","format-standard","hentry","category-politica","tag-frente-renovador","tag-jose-alessi","tag-monica-lopez"],"_links":{"self":[{"href":"https:\/\/www.elsindical.com.ar\/notas\/wp-json\/wp\/v2\/posts\/42520","targetHints":{"allow":["GET"]}}],"collection":[{"href":"https:\/\/www.elsindical.com.ar\/notas\/wp-json\/wp\/v2\/posts"}],"about":[{"href":"https:\/\/www.elsindical.com.ar\/notas\/wp-json\/wp\/v2\/types\/post"}],"author":[{"embeddable":true,"href":"https:\/\/www.elsindical.com.ar\/notas\/wp-json\/wp\/v2\/users\/1"}],"replies":[{"embeddable":true,"href":"https:\/\/www.elsindical.com.ar\/notas\/wp-json\/wp\/v2\/comments?post=42520"}],"version-history":[{"count":3,"href":"https:\/\/www.elsindical.com.ar\/notas\/wp-json\/wp\/v2\/posts\/42520\/revisions"}],"predecessor-version":[{"id":42525,"href":"https:\/\/www.elsindical.com.ar\/notas\/wp-json\/wp\/v2\/posts\/42520\/revisions\/42525"}],"wp:attachment":[{"href":"https:\/\/www.elsindical.com.ar\/notas\/wp-json\/wp\/v2\/media?parent=42520"}],"wp:term":[{"taxonomy":"category","embeddable":true,"href":"https:\/\/www.elsindical.com.ar\/notas\/wp-json\/wp\/v2\/categories?post=42520"},{"taxonomy":"post_tag","embeddable":true,"href":"https:\/\/www.elsindical.com.ar\/notas\/wp-json\/wp\/v2\/tags?post=42520"}],"curies":[{"name":"wp","href":"https:\/\/api.w.org\/{rel}","templated":true}]}}