{"id":42403,"date":"2014-05-04T10:54:51","date_gmt":"2014-05-04T13:54:51","guid":{"rendered":"http:\/\/www.elsindical.com.ar\/notas\/?p=42403"},"modified":"2014-05-04T10:54:51","modified_gmt":"2014-05-04T13:54:51","slug":"estamos-buscando-a-ayelen-maria-de-los-angeles-gutierrez","status":"publish","type":"post","link":"https:\/\/www.elsindical.com.ar\/notas\/estamos-buscando-a-ayelen-maria-de-los-angeles-gutierrez\/","title":{"rendered":"Estamos buscando a Ayel\u00e9n Mar\u00eda de los \u00c1ngeles Guti\u00e9rrez"},"content":{"rendered":"<p><a href=\"http:\/\/www.elsindical.com.ar\/notas\/var\/www\/html\/notas\/wp-content\/uploads\/2014\/05\/Ayel\u00e9n-Mar\u00eda.jpg\"><img loading=\"lazy\" decoding=\"async\" class=\"alignnone size-medium wp-image-42404\" src=\"http:\/\/www.elsindical.com.ar\/notas\/var\/www\/html\/notas\/wp-content\/uploads\/2014\/05\/Ayel\u00e9n-Mar\u00eda-300x283.jpg\" alt=\"Ayel\u00e9n-Mar\u00eda\" width=\"300\" height=\"283\" srcset=\"https:\/\/www.elsindical.com.ar\/notas\/var\/www\/html\/notas\/wp-content\/uploads\/2014\/05\/Ayel\u00e9n-Mar\u00eda-300x283.jpg 300w, https:\/\/www.elsindical.com.ar\/notas\/var\/www\/html\/notas\/wp-content\/uploads\/2014\/05\/Ayel\u00e9n-Mar\u00eda-317x300.jpg 317w, https:\/\/www.elsindical.com.ar\/notas\/var\/www\/html\/notas\/wp-content\/uploads\/2014\/05\/Ayel\u00e9n-Mar\u00eda.jpg 531w\" sizes=\"auto, (max-width: 300px) 100vw, 300px\" \/><\/a>Buscamos a Ayelen Mar\u00eda de los \u00c1ngeles Guti\u00e9rrez de 16 a\u00f1os el d\u00eda jueves 24 de abril concurri\u00f3 a la escuela de 13:30 a 18:00 (E.E.M n\u00b0 1, Entr<span class=\"text_exposed_show\">e R\u00edos 757 Zona Congreso ) como siempre pero no volvi\u00f3 a la casa y nadie supo nada de ella. La familia la busca desesperadamente.<\/span><\/p>\n<p><span class=\"text_exposed_show\">Vest\u00eda jean azul, remera negra, saquito negro, zapatillas celestes con blanco y una cartera negra con letra Adidas. Es delgada y tiene el pelo largo te\u00f1ida de rubio.<\/span><\/p>\n<p><span class=\"text_exposed_show\">El viernes 25 de abril por la noche la familia erradico la denuncia en la comisaria octava del barrio de Once.<\/span><\/p>\n<p><span class=\"text_exposed_show\">Por favor ayuda a difundir la b\u00fasqueda compartiendo la foto. Si podes imprim\u00ed <\/span><span class=\"text_exposed_show\">y p\u00e9gala en tu barrio.<\/span><\/p>\n<p><span class=\"text_exposed_show\">Cualquier informaci\u00f3n comunicarse con Elda mam\u00e1 de Ayel\u00e9n al <strong>1150536310<\/strong> o al 911.<\/span><\/p>\n","protected":false},"excerpt":{"rendered":"<p>Buscamos a Ayelen Mar\u00eda de los \u00c1ngeles Guti\u00e9rrez de 16 a\u00f1os el d\u00eda jueves 24 de abril concurri\u00f3 a la escuela de 13:30 a 18:00 (E.E.M n\u00b0 1, Entre R\u00edos 757 Zona Congreso ) como siempre pero no volvi\u00f3 a la casa y nadie supo nada de ella. La familia la busca desesperadamente. Vest\u00eda jean&hellip;<\/p>\n","protected":false},"author":1,"featured_media":0,"comment_status":"open","ping_status":"open","sticky":false,"template":"","format":"standard","meta":{"footnotes":""},"categories":[26],"tags":[461,18619,175,1629],"class_list":["post-42403","post","type-post","status-publish","format-standard","hentry","category-solidaridad","tag-avellaneda","tag-ayelen-maria-de-los-angeles-gutierrez","tag-denuncia","tag-once"],"_links":{"self":[{"href":"https:\/\/www.elsindical.com.ar\/notas\/wp-json\/wp\/v2\/posts\/42403","targetHints":{"allow":["GET"]}}],"collection":[{"href":"https:\/\/www.elsindical.com.ar\/notas\/wp-json\/wp\/v2\/posts"}],"about":[{"href":"https:\/\/www.elsindical.com.ar\/notas\/wp-json\/wp\/v2\/types\/post"}],"author":[{"embeddable":true,"href":"https:\/\/www.elsindical.com.ar\/notas\/wp-json\/wp\/v2\/users\/1"}],"replies":[{"embeddable":true,"href":"https:\/\/www.elsindical.com.ar\/notas\/wp-json\/wp\/v2\/comments?post=42403"}],"version-history":[{"count":1,"href":"https:\/\/www.elsindical.com.ar\/notas\/wp-json\/wp\/v2\/posts\/42403\/revisions"}],"predecessor-version":[{"id":42405,"href":"https:\/\/www.elsindical.com.ar\/notas\/wp-json\/wp\/v2\/posts\/42403\/revisions\/42405"}],"wp:attachment":[{"href":"https:\/\/www.elsindical.com.ar\/notas\/wp-json\/wp\/v2\/media?parent=42403"}],"wp:term":[{"taxonomy":"category","embeddable":true,"href":"https:\/\/www.elsindical.com.ar\/notas\/wp-json\/wp\/v2\/categories?post=42403"},{"taxonomy":"post_tag","embeddable":true,"href":"https:\/\/www.elsindical.com.ar\/notas\/wp-json\/wp\/v2\/tags?post=42403"}],"curies":[{"name":"wp","href":"https:\/\/api.w.org\/{rel}","templated":true}]}}