{"id":42362,"date":"2014-04-30T00:05:01","date_gmt":"2014-04-30T03:05:01","guid":{"rendered":"http:\/\/www.elsindical.com.ar\/notas\/?p=42362"},"modified":"2014-04-30T00:05:01","modified_gmt":"2014-04-30T03:05:01","slug":"efemeridesdel-dia-30-de-abril-4","status":"publish","type":"post","link":"https:\/\/www.elsindical.com.ar\/notas\/efemeridesdel-dia-30-de-abril-4\/","title":{"rendered":"EFEM\u00c9RIDES:DEL D\u00cdA 30 DE ABRIL"},"content":{"rendered":"<p><a href=\"http:\/\/www.elsindical.com.ar\/notas\/var\/www\/html\/notas\/wp-content\/uploads\/2011\/02\/George-Washington.jpg\"><img loading=\"lazy\" decoding=\"async\" class=\"alignnone size-medium wp-image-12608\" src=\"http:\/\/www.elsindical.com.ar\/notas\/var\/www\/html\/notas\/wp-content\/uploads\/2011\/02\/George-Washington-245x300.jpg\" alt=\"George-Washington\" width=\"245\" height=\"300\" srcset=\"https:\/\/www.elsindical.com.ar\/notas\/var\/www\/html\/notas\/wp-content\/uploads\/2011\/02\/George-Washington-245x300.jpg 245w, https:\/\/www.elsindical.com.ar\/notas\/var\/www\/html\/notas\/wp-content\/uploads\/2011\/02\/George-Washington.jpg 413w\" sizes=\"auto, (max-width: 245px) 100vw, 245px\" \/><\/a>En un 30 de abril, pero de 1999, el juez espa\u00f1ol Baltasar Garz\u00f3n ampl\u00eda el procesamiento del general chileno Augusto Pinochet a un total de 72 casos de tortura.<\/p>\n<p>1492- Los Reyes Cat\u00f3licos expiden a favor de Col\u00f3n los t\u00edtulos de almirante, virrey y gobernador de las tierras que descubriese.<\/p>\n<p>1531- El portugu\u00e9s Mart\u00edn Alonso de Souza desembarca en el lugar donde, m\u00e1s tarde, se alzar\u00eda R\u00edo de Janeiro.<\/p>\n<p>1586- Nace Isabel Flores, Santa Rosa de Lima.<\/p>\n<p>1726- La Real Academia Espa\u00f1ola presenta al rey Felipe V el primer tomo del Diccionario de Autoridades.<\/p>\n<p>1775- Nace Nicol\u00e1s Rodr\u00edguez Pe\u00f1a, h\u00e9roe de la independencia argentina.<\/p>\n<p>1789- George Washington jura como primer presidente de los Estados Unidos.<\/p>\n<p>1803- Napole\u00f3n Bonaparte vende la Luisiana a EEUU por 80 millones de francos.<\/p>\n<p>1838- Nicaragua recobra su independencia, al no prosperar la proyectada Federaci\u00f3n de Provincias Unidas de Centro Am\u00e9rica.<\/p>\n<p>1857- Traslado definitivo de la capital de Nicaragua a Managua. La capitalidad hab\u00eda estado con anterioridad en Masaya, Le\u00f3n y Granada.<\/p>\n<p>1883- Fallece Eduardo Manet, pintor impresionista franc\u00e9s.<\/p>\n<p>1896- El Senado argentino celebra su primera sesi\u00f3n en el edificio especialmente construido para dicha instituci\u00f3n.<\/p>\n<p>1897- El f\u00edsico brit\u00e1nico Joseph John Thompson anuncia el descubrimiento del electr\u00f3n, part\u00edcula elemental del \u00e1tomo.<\/p>\n<p>1900- El Gobierno estadounidense otorga a las islas Hawai el estatuto de territorio vinculado a la Uni\u00f3n.<\/p>\n<p>1909- Nace Juliana, reina de Holanda.<\/p>\n<p>1911- Una sentencia del Tribunal Constitucional de Portugal reconoce a las mujeres el derecho al voto electoral.<\/p>\n<p>1933- Es asesinado en Lima el presidente peruano, Luis S\u00e1nchez Cerro.<\/p>\n<p>&#8211; Muere Erwan Bergot, novelista e historiador franc\u00e9s.<\/p>\n<p>1938- La URSS propone a Francia y Gran Breta\u00f1a una alianza militar.<\/p>\n<p>1939- Se inaugura la Exposici\u00f3n Universal en Nueva York.<\/p>\n<p>1945- Adolf Hitler se suicida en su \u00abb\u00fanker\u00bb de Berl\u00edn con su esposa, Eva Braun.<\/p>\n<p>1946- Nace Carlos Gustavo, rey de Suecia.<\/p>\n<p>1948- Fundada, en la IX Conferencia Interamericana, celebrada en Bogot\u00e1 (Colombia), la Organizaci\u00f3n de Estados Americanos (OEA).<\/p>\n<p>1949- Nace Antonio Guterres, ex primer ministro luso.<\/p>\n<p>1955- Bao-Dai es destituido por Ngo Dinh Diem, en Vietnam del Sur.<\/p>\n<p>1961- Sud\u00e1frica se retira de la Commonwealth.<\/p>\n<p>1964- La URSS concede los premios Lenin al argelino Ben Bella y a la espa\u00f1ola Dolores Ib\u00e1rruri, \u00abPasionaria\u00bb.<\/p>\n<p>1967- Es inaugurada en Mosc\u00fa la torre de televisi\u00f3n de Ost\u00e1nkino, de 533 metros.<\/p>\n<p>1975- Guerrilleros del FNL y tropas de Vietnam del Norte entran en Saig\u00f3n, con lo que termina la guerra de Vietnam, tras diez a\u00f1os de intervenci\u00f3n estadounidense.<\/p>\n<p>1982- Aprobada la Convenci\u00f3n de Naciones Unidas sobre el Derecho del Mar.<\/p>\n<p>1984- Es asesinado en Bogot\u00e1 el Ministro de Justicia colombiano, Rodrigo Lara Borilla, por la mafia de traficantes de narc\u00f3ticos, a la que combat\u00eda en\u00e9rgicamente.<\/p>\n<p>1987- El ministro de Exteriores de Nicaragua, el sacerdote Miguel d&#8217;Escoto, galardonado con el Premio Lenin de la Paz.<\/p>\n<p>1989- Fallece Sergio Leone, cineasta italiano.<\/p>\n<p>1990- El Vaticano y Ruman\u00eda reanudan sus relaciones, rotas hace 42 a\u00f1os.<\/p>\n<p>1992- La pel\u00edcula \u00abEl silencio de los corderos\u00bb, de Jonatham Demme, gana cinco Oscar.<\/p>\n<p>1999- El presidente de las islas Comores, Tadjidine Ben Saoud Masonde, es derrocado en un golpe de Estado militar, el decimoctavo desde la independencia del pa\u00eds.<\/p>\n<p>2001- El primer turista espacial de la historia, el multimillonario norteamericano Dennis Tito, llega en la nave rusa Soyuz TM-32 a la Estaci\u00f3n Espacial Internacional.<\/p>\n<p>2003- El Cuarteto de Madrid entrega a israel\u00edes y palestinos el nuevo plan de paz para Oriente Medio, llamado Hoja de Ruta.<\/p>\n<p>&#8211; El te\u00f3logo peruano Gustavo Guti\u00e9rrez comparte con el periodista polaco Ryszard Kapuscinski el Premio Pr\u00edncipe de Asturias de Comunicaci\u00f3n y Humanidades.<\/p>\n<p>2007- Cinco musulmanes brit\u00e1nicos son condenados a cadena perpetua por planear atentados con fertilizante qu\u00edmico en el Reino Unido.<\/p>\n<p>2009- La Organizaci\u00f3n Mundial de la Salud (OMS) cambia el nombre de gripe porcina por el de A (H1N1).<\/p>\n","protected":false},"excerpt":{"rendered":"<p>En un 30 de abril, pero de 1999, el juez espa\u00f1ol Baltasar Garz\u00f3n ampl\u00eda el procesamiento del general chileno Augusto Pinochet a un total de 72 casos de tortura. 1492- Los Reyes Cat\u00f3licos expiden a favor de Col\u00f3n los t\u00edtulos de almirante, virrey y gobernador de las tierras que descubriese. 1531- El portugu\u00e9s Mart\u00edn Alonso&hellip;<\/p>\n","protected":false},"author":1,"featured_media":0,"comment_status":"open","ping_status":"open","sticky":false,"template":"","format":"standard","meta":{"footnotes":""},"categories":[14],"tags":[],"class_list":["post-42362","post","type-post","status-publish","format-standard","hentry","category-efemerides"],"_links":{"self":[{"href":"https:\/\/www.elsindical.com.ar\/notas\/wp-json\/wp\/v2\/posts\/42362","targetHints":{"allow":["GET"]}}],"collection":[{"href":"https:\/\/www.elsindical.com.ar\/notas\/wp-json\/wp\/v2\/posts"}],"about":[{"href":"https:\/\/www.elsindical.com.ar\/notas\/wp-json\/wp\/v2\/types\/post"}],"author":[{"embeddable":true,"href":"https:\/\/www.elsindical.com.ar\/notas\/wp-json\/wp\/v2\/users\/1"}],"replies":[{"embeddable":true,"href":"https:\/\/www.elsindical.com.ar\/notas\/wp-json\/wp\/v2\/comments?post=42362"}],"version-history":[{"count":1,"href":"https:\/\/www.elsindical.com.ar\/notas\/wp-json\/wp\/v2\/posts\/42362\/revisions"}],"predecessor-version":[{"id":42363,"href":"https:\/\/www.elsindical.com.ar\/notas\/wp-json\/wp\/v2\/posts\/42362\/revisions\/42363"}],"wp:attachment":[{"href":"https:\/\/www.elsindical.com.ar\/notas\/wp-json\/wp\/v2\/media?parent=42362"}],"wp:term":[{"taxonomy":"category","embeddable":true,"href":"https:\/\/www.elsindical.com.ar\/notas\/wp-json\/wp\/v2\/categories?post=42362"},{"taxonomy":"post_tag","embeddable":true,"href":"https:\/\/www.elsindical.com.ar\/notas\/wp-json\/wp\/v2\/tags?post=42362"}],"curies":[{"name":"wp","href":"https:\/\/api.w.org\/{rel}","templated":true}]}}