{"id":42349,"date":"2014-04-29T02:57:27","date_gmt":"2014-04-29T05:57:27","guid":{"rendered":"http:\/\/www.elsindical.com.ar\/notas\/?p=42349"},"modified":"2014-04-30T13:44:45","modified_gmt":"2014-04-30T16:44:45","slug":"denuncian-al-intendente-ferraresi-y-funcionarios-municipales","status":"publish","type":"post","link":"https:\/\/www.elsindical.com.ar\/notas\/denuncian-al-intendente-ferraresi-y-funcionarios-municipales\/","title":{"rendered":"Denuncian al intendente Ferraresi y funcionarios municipales"},"content":{"rendered":"<p><em><a href=\"http:\/\/www.elsindical.com.ar\/notas\/var\/www\/html\/notas\/wp-content\/uploads\/2014\/04\/Ferraresi-y-Vinagre.jpg\"><img loading=\"lazy\" decoding=\"async\" class=\"alignnone size-medium wp-image-42351\" src=\"http:\/\/www.elsindical.com.ar\/notas\/var\/www\/html\/notas\/wp-content\/uploads\/2014\/04\/Ferraresi-y-Vinagre-300x247.jpg\" alt=\"Ferraresi-y-Vinagre\" width=\"300\" height=\"247\" srcset=\"https:\/\/www.elsindical.com.ar\/notas\/var\/www\/html\/notas\/wp-content\/uploads\/2014\/04\/Ferraresi-y-Vinagre-300x247.jpg 300w, https:\/\/www.elsindical.com.ar\/notas\/var\/www\/html\/notas\/wp-content\/uploads\/2014\/04\/Ferraresi-y-Vinagre-363x300.jpg 363w, https:\/\/www.elsindical.com.ar\/notas\/var\/www\/html\/notas\/wp-content\/uploads\/2014\/04\/Ferraresi-y-Vinagre.jpg 502w\" sizes=\"auto, (max-width: 300px) 100vw, 300px\" \/><\/a>El lunes 28 de abril, se presento en la Defensor\u00eda del Pueblo de Avellaneda, una denuncia contra el intendente Jorge Ferraresi y varios funcionarios municipales, por restringir arbitrariamente el acceso a la informaci\u00f3n y abuso de autoridad.<\/em><\/p>\n<p>En virtud de la falta de respuestas a los reiterados pedidos de informes cursados al intendente municipal Jorge Horacio\u00a0Ferraresi, respecto de actos de Gobierno que por su condici\u00f3n son p\u00fablicos, las reiteradas faltas de respuestas a los requerimientos formales, todos presentados en la Secretar\u00eda Privada con el correspondiente acuse de recibo y sello de ingreso, con fechas 04 de octubre, 01 de noviembre ambos del 2013 y el 03 de febrero del 2014. Al secretario de Gobierno y Seguridad Pablo Vera, por impedir el acceso a la informaci\u00f3n al igual que el intendente, con nota presentada formalmente en su secretar\u00eda con fecha 06 de diciembre del 2013.<\/p>\n<p><strong>Informes sobre seguridad<\/strong><\/p>\n<p>Que se le requiri\u00f3 al municipio que informe los motivos por los cuales el municipio entreg\u00f3 m\u00e1s de 500 equipos de la firma Nextel, todos con abonos pagados por el municipio, de los que hoy se desconoce en poder de quienes se encuentran y que se siguen pagando, muchos de estos equipos fueron entregados desde la Secretar\u00eda de Seguridad con el agravante de que los mismos deber\u00edan haber tenido como objetivo mejorar los trabajos de seguridad en el partido y no terminar en poder de personas que los utilizan con fines personales o comerciales.<\/p>\n<p>Que oportunamente se solicit\u00f3 informes sobre los recursos asignados a la Secretar\u00eda de Seguridad, n\u00f3mina de personal asignado con indicaci\u00f3n de horarios, sueldos y funciones. Informe cantidad de veh\u00edculos asignados, gastos mensuales de mantenimiento y combustible de los mismos.<\/p>\n<p>Que informe los motivos por los cuales las plazas del partido han sido descuidadas en lo que ha seguridad se refiere, llegando a transformarse hoy en lugares de reuni\u00f3n, consumo y venta de drogas.<\/p>\n<p>Que indique los motivos por los cuales no se realizan controles sobre la importante cantidad de motos que circulan por el partido la mayor\u00eda de los conductores en infracci\u00f3n y otros dedicados al delito.<\/p>\n<p><strong>Informes sobre habilitaciones comerciales<\/strong><\/p>\n<p>Que se solicit\u00f3 al municipio informe sobre las habilitaciones comerciales vigentes irregulares de varios comercios muy conocidos del centro de Avellaneda que no re\u00fanen los requisitos m\u00ednimos que solicita la Direcci\u00f3n de Habilitaciones Comerciales del municipio, informe los motivos por los cuales teniendo conocimiento de varias irregularidades de comercios como El Almac\u00e9n de Gerli, Parrilla El Tano, Bloise, Pertutti, concesionarias de autos que utilizan las veredas para exhibir los veh\u00edculos a la venta.<\/p>\n<p>Informe en qu\u00e9 norma se encuentra descripto el pago de un canon extra para las agencias por el cual se las autoriza a violar la Ley de Tr\u00e1nsito.<\/p>\n<p>Informe sobre las palabras del Director de Habilitaciones Comerciales Juan Domingo Per\u00f3n, respecto a que reconoce la existencia de inspectores corruptos que cobran y solicitan coimas a comerciantes para omitir infracciones en sus comercios.<\/p>\n<p>Que se solicit\u00f3 informes sobre la habilitaci\u00f3n del sal\u00f3n de belleza y peluquer\u00eda de la calle 9 de julio N\u00ba 39, denominado \u00abOnes Cutts Hair Saloon\u00bb cuya sociedad esta integrada por Gisela Amor\u00edn y Hern\u00e1n Alejandro Castro (empleado municipal con funciones en la Secretar\u00eda de Gobierno) de quien depende la Direcci\u00f3n de Habilitaciones Comerciales.<\/p>\n<p>Que se informe sobre los motivos por los cuales no se ha actuado sobre el taller mec\u00e1nico de la calle Tres Sargentos 1331, curiosamente a nombre de Maximiliano Amor\u00edn y su padre los cuales ocupan un lugar que no les pertenece y desarrollan actividades sin la correspondiente habilitaci\u00f3n y los motivos por los cuales se anul\u00f3 el acta de infracci\u00f3n N\u00ba V-312968 sin que se clausurara el lugar.<\/p>\n<p><strong>Transparencia de gesti\u00f3n<\/strong><\/p>\n<p>Se solicit\u00f3 al intendente Jorge Ferraresi, que proponga desde el Ejecutivo al HCD, una Ordenanza de adhesi\u00f3n a la Ley 25.188 de \u00c9tica en el Ejercicio de la Funci\u00f3n P\u00fablica y obligue a presentar anualmente las Declaraciones Juradas Patrimoniales a aquellos funcionarios con rango m\u00ednimo de Director.<\/p>\n<p>Que se solicit\u00f3 oportunamente se indique la forma en que se controla el trabajo de los profesionales que cumplen funciones en el municipio, muchos de los cuales poseen horas extras que nadie controla y que han reconocido funcionarios que esto se hace para compensar los bajos sueldos que se pagan.<\/p>\n<p>Que se solicit\u00f3 que el entonces Secretario de Legal y T\u00e9cnica el abogado J. Mariano Maltese, informara las estad\u00edsticas y los resultados de las audiencias entre consumidores y empresas demandadas, especialmente las que pertenecen a cadenas de supermercados. Que indique tambi\u00e9n el funcionario si se encuentra bajo alguna de las incompatibilidades para ejercer su cargo.<\/p>\n<p>Que informe el monto de la partida anual asignada a cada secretar\u00eda o subsecretar\u00eda.<\/p>\n<p>Que se informe sobre el monto asignado a pautas de prensa y publicidad, indicando medio y monto designado, identificando al responsable del medio.<\/p>\n<p>Que se informe sobre la situaci\u00f3n del subsecretario de Medios y Audiovisuales respecto de la denuncia de discriminaci\u00f3n por la que fuera denunciado penalmente.<\/p>\n<p>Que se informe en que estado se encuentra el acuerdo entre el municipio y la firma Unitech, respecto a la contrataci\u00f3n del programa denominado TRAMIX, de digitalizaci\u00f3n de documentos, el monto del contrato, los motivos por los cuales no se ha avanzado en el desarrollo del mismo.<\/p>\n<p><strong>Abuso de autoridad<\/strong><\/p>\n<p>Denunciar por abuso de autoridad la conducta reiterada y arbitraria del intendente de considerar que \u00e9l no va a dar curso a ninguno de los pedidos, que solo van a responder los funcionarios que \u00e9l autorice a pesar de que muchos no solo no responden, sino que no cumplen con las obligaciones que por Ley les corresponde cumplir.<\/p>\n<p>Denunciar por abuso de autoridad al subsecretario de Medios y Audiovisuales\u00a0Federico Leandro Taboada, en cuanto este de forma unilateral, arbitraria y sin fundamente, decidi\u00f3 no pagar la pauta del mes de enero, demor\u00f3 los pagos y para mantener una pauta con el Multimedios El Sindical, puso como condici\u00f3n que se le haga llegar informes sobre funcionarios de la gesti\u00f3n y la oposici\u00f3n que comprometa a alguno de los que \u00e9l deseaba tener informaci\u00f3n.<\/p>\n<p><strong>HCD<\/strong><\/p>\n<p>Se denunci\u00f3 al Ing. Roberto S\u00edcari, por incumplimiento de la Ordenanza N\u00ba 1204, lo que resulta un absurdo que justamente el secretario del HCD incumpla con sus funciones y a pesar de hab\u00e9rsele requerido en reiteradas oportunidades su cumplimiento, contin\u00fae en la posici\u00f3n de que al ser amigo del intendente puede hacer lo que le plazca. Impidiendo con su conducta que los vecinos puedan ejercer libremente el Derecho Constitucional emanado del Art. 14 al no poder hacer uso de la denominada \u00abBanca 25\u00bb.<\/p>\n<p><strong>Conclusi\u00f3n<\/strong><\/p>\n<p>Como periodista llama la atenci\u00f3n la torpeza con la que act\u00faan muchos funcionarios, incluido el propio intendente municipal, todo esto alentado por la impunidad con la que se suelen realizar muchos de los actos de dudosa legalidad por parte de funcionarios municipales que consideran al intendente como una especie de \u00abdivinidad\u00bb que est\u00e1 por sobre la Ley y que puede disponer de sus vidas.<\/p>\n<p>As\u00ed nos han advertido que la denuncia ante el Defensor del Pueblo no tiene mucho sentido ya que este suele acatar las indicaciones que el intendente le ordena, y recuerdan el caso de un joven empleado de la Defensor\u00eda que por pertenecer a un sector de la oposici\u00f3n del HCD, fue despedido sin otro motivo que ese, mientras que otros no han corrido la misma suerte.<\/p>\n<p>En la denuncia hemos expresado un fundamento jur\u00eddico que es el fundamento por el cual se realiza la presentaci\u00f3n en dicha instituci\u00f3n, y esperamos si no van a cumplir con sus obligaciones lo hagan por escrito y con un fundamento legal o bien quien considere que no puede presente su renuncia, ya que si bien uno entiende los manejos de la pol\u00edtica, los informes solicitados tienen que ver con perjuicios graves a la administraci\u00f3n p\u00fablica y la vida de los vecinos, algo que no deber\u00eda estar en el paquete de evaluaciones pol\u00edticas que suelen realizar los funcionarios. Confiamos en el criterio y la honorabilidad del Defensor del Pueblo de Avellaneda, Sebasti\u00e1n Vinagre e iremos informando sobre los resultados de esta denuncia.<\/p>\n<p>&nbsp;<\/p>\n<p><strong>Por Marcelo Ricardo Hawrylciw<\/strong><\/p>\n<p>&nbsp;<\/p>\n<p>&nbsp;<\/p>\n<p>&nbsp;<\/p>\n","protected":false},"excerpt":{"rendered":"<p>El lunes 28 de abril, se presento en la Defensor\u00eda del Pueblo de Avellaneda, una denuncia contra el intendente Jorge Ferraresi y varios funcionarios municipales, por restringir arbitrariamente el acceso a la informaci\u00f3n y abuso de autoridad. En virtud de la falta de respuestas a los reiterados pedidos de informes cursados al intendente municipal Jorge&hellip;<\/p>\n","protected":false},"author":1,"featured_media":0,"comment_status":"open","ping_status":"open","sticky":false,"template":"","format":"standard","meta":{"footnotes":""},"categories":[6,1],"tags":[18600,175,8934,16587,18599,1218,41,2106,459,986],"class_list":["post-42349","post","type-post","status-publish","format-standard","hentry","category-denuncias","category-destacadas","tag-defensoria-del-pueblo-de-avellaneda","tag-denuncia","tag-gastos","tag-hcd","tag-jorge-horacio-ferraresi","tag-juan-domingo-peron","tag-justicia","tag-mensuales","tag-sebastian-vinagre","tag-vecinos"],"_links":{"self":[{"href":"https:\/\/www.elsindical.com.ar\/notas\/wp-json\/wp\/v2\/posts\/42349","targetHints":{"allow":["GET"]}}],"collection":[{"href":"https:\/\/www.elsindical.com.ar\/notas\/wp-json\/wp\/v2\/posts"}],"about":[{"href":"https:\/\/www.elsindical.com.ar\/notas\/wp-json\/wp\/v2\/types\/post"}],"author":[{"embeddable":true,"href":"https:\/\/www.elsindical.com.ar\/notas\/wp-json\/wp\/v2\/users\/1"}],"replies":[{"embeddable":true,"href":"https:\/\/www.elsindical.com.ar\/notas\/wp-json\/wp\/v2\/comments?post=42349"}],"version-history":[{"count":3,"href":"https:\/\/www.elsindical.com.ar\/notas\/wp-json\/wp\/v2\/posts\/42349\/revisions"}],"predecessor-version":[{"id":42353,"href":"https:\/\/www.elsindical.com.ar\/notas\/wp-json\/wp\/v2\/posts\/42349\/revisions\/42353"}],"wp:attachment":[{"href":"https:\/\/www.elsindical.com.ar\/notas\/wp-json\/wp\/v2\/media?parent=42349"}],"wp:term":[{"taxonomy":"category","embeddable":true,"href":"https:\/\/www.elsindical.com.ar\/notas\/wp-json\/wp\/v2\/categories?post=42349"},{"taxonomy":"post_tag","embeddable":true,"href":"https:\/\/www.elsindical.com.ar\/notas\/wp-json\/wp\/v2\/tags?post=42349"}],"curies":[{"name":"wp","href":"https:\/\/api.w.org\/{rel}","templated":true}]}}