{"id":42329,"date":"2014-04-28T02:04:51","date_gmt":"2014-04-28T05:04:51","guid":{"rendered":"http:\/\/www.elsindical.com.ar\/notas\/?p=42329"},"modified":"2014-04-28T02:04:51","modified_gmt":"2014-04-28T05:04:51","slug":"pinamarintendente-quiere-pagarle-42-mil-a-fotografo","status":"publish","type":"post","link":"https:\/\/www.elsindical.com.ar\/notas\/pinamarintendente-quiere-pagarle-42-mil-a-fotografo\/","title":{"rendered":"Pinamar:Intendente quiere pagarle $42 mil a fot\u00f3grafo"},"content":{"rendered":"<p><em><a href=\"http:\/\/www.elsindical.com.ar\/notas\/var\/www\/html\/notas\/wp-content\/uploads\/2014\/04\/Hern\u00e1n-Muriale.jpg\"><img loading=\"lazy\" decoding=\"async\" class=\"alignnone size-medium wp-image-42330\" src=\"http:\/\/www.elsindical.com.ar\/notas\/var\/www\/html\/notas\/wp-content\/uploads\/2014\/04\/Hern\u00e1n-Muriale-300x199.jpg\" alt=\"Hern\u00e1n-Muriale\" width=\"300\" height=\"199\" srcset=\"https:\/\/www.elsindical.com.ar\/notas\/var\/www\/html\/notas\/wp-content\/uploads\/2014\/04\/Hern\u00e1n-Muriale-300x199.jpg 300w, https:\/\/www.elsindical.com.ar\/notas\/var\/www\/html\/notas\/wp-content\/uploads\/2014\/04\/Hern\u00e1n-Muriale-450x300.jpg 450w, https:\/\/www.elsindical.com.ar\/notas\/var\/www\/html\/notas\/wp-content\/uploads\/2014\/04\/Hern\u00e1n-Muriale.jpg 502w\" sizes=\"auto, (max-width: 300px) 100vw, 300px\" \/><\/a>Pinamar, el distrito que gobierna Hern\u00e1n Muriale no deja de sorprender con las noticias del plano pol\u00edtico. Ahora el Concejo Deliberante le pidi\u00f3 al Ejecutivo que aclare la situaci\u00f3n de un servicio de fotograf\u00eda y filmaci\u00f3n que contrat\u00f3 y al que estiman pagarle m\u00e1s de 40 mil pesos.<\/em><\/p>\n<p>A trav\u00e9s de una licitaci\u00f3n, el municipio de Pinamar contrat\u00f3 un \u00abservicio fotogr\u00e1fico y de filmaci\u00f3n digital para conformaci\u00f3n de registro visual tur\u00edstico de Pinamar\u00bb y seg\u00fan se denunci\u00f3 desde el Concejo Deliberante, quien gan\u00f3 la licitaci\u00f3n cobrar\u00eda 42 mil pesos por mes, durante 9 meses.<\/p>\n<p>En declaraciones a El Mensajero, el edil de la UCR Lucas Ventoso afirm\u00f3 que hay \u201cuna solicitud para que la municipalidad de Pinamar gaste 380 mil pesos en nueve meses, a raz\u00f3n de 42 mil pesos por mes para contratar un fot\u00f3grafo. Con lo cual era mucho m\u00e1s que evidente que la relaci\u00f3n que ten\u00eda (Alfredo) Baldini (Secretario de Turismo) con (Ismael) Ferrar\u00f3s se iba a perfeccionar y documentar formalmente en esa licitaci\u00f3n.\u00bb<\/p>\n<p>Y detall\u00f3: \u201cPrevio a esta licitaci\u00f3n tomo conocimiento de una actividad informal por parte de Ferrar\u00f3s que estar\u00eda trabajando sin ofrecer un producto ya terminado. Pero que estaba en la cercan\u00eda de Baldini de manera permanente durante los \u00faltimos meses con lo cual uno pod\u00eda anticiparse que podr\u00eda haber alg\u00fan tipo de contrato que vinculara formalmente a Ferrar\u00f3s con el municipio\u201d.<\/p>\n<p>Seg\u00fan ampli\u00f3 el edil radical: \u00abLa solicitud de pago no dice en ning\u00fan momento la calidad del producto que tiene que entregar, ni la cantidad ni el modo de las im\u00e1genes. Lo \u00fanico que describe son los requisitos de la maquinaria t\u00e9cnica que debe tener el que se presenta a la licitaci\u00f3n. Finalmente el mi\u00e9rcoles pasado se lleva a licitaci\u00f3n privada, con lo cual ya ven\u00eda preparado porque si era como yo pensaba esto se iba a cocinar con la persona que ya estaba trabajando para Baldini. Y para que esto no fuera al Concejo Deliberante por oferta \u00fanica, ten\u00eda que tener doble oferta. Y efectivamente fue as\u00ed\u201d.<\/p>\n<p>Ventoso record\u00f3 que \u00abse presentaron dos personas. Una ofrece 380 mil pesos, que es Ferrar\u00f3s y que a su vez es el m\u00e1ximo presupuestado, y la otra que se llama Wonder SRL ofrece 410 mil pesos. O sea 30 mil pesos m\u00e1s a lo autorizado por el Estado para gastar con este objeto. Que por supuesto fue rechazada. Con lo cual despierta enormes sospechas porque aparenta que esto estaba perge\u00f1ado con anticipaci\u00f3n y presentaron una `empresa muletto` para que ganara Ferrar\u00f3s\u201d. Seg\u00fan el edil, el municipio gastar\u00eda en el nuevo \u201c42.222 pesos por mes.\u00bb<\/p>\n<p>Ante esta situaci\u00f3n, el Concejo Deliberante cit\u00f3 para el pr\u00f3ximo 28 de abril al Secretario de Turismo Alfredo Baldini y al Director de Cultura Jorge Esper\u00f3n.<\/p>\n","protected":false},"excerpt":{"rendered":"<p>Pinamar, el distrito que gobierna Hern\u00e1n Muriale no deja de sorprender con las noticias del plano pol\u00edtico. Ahora el Concejo Deliberante le pidi\u00f3 al Ejecutivo que aclare la situaci\u00f3n de un servicio de fotograf\u00eda y filmaci\u00f3n que contrat\u00f3 y al que estiman pagarle m\u00e1s de 40 mil pesos. A trav\u00e9s de una licitaci\u00f3n, el municipio&hellip;<\/p>\n","protected":false},"author":1,"featured_media":0,"comment_status":"open","ping_status":"open","sticky":false,"template":"","format":"standard","meta":{"footnotes":""},"categories":[13],"tags":[16587,18596,1516,1826],"class_list":["post-42329","post","type-post","status-publish","format-standard","hentry","category-politica","tag-hcd","tag-hernan-muriale","tag-pinamar","tag-ucr"],"_links":{"self":[{"href":"https:\/\/www.elsindical.com.ar\/notas\/wp-json\/wp\/v2\/posts\/42329","targetHints":{"allow":["GET"]}}],"collection":[{"href":"https:\/\/www.elsindical.com.ar\/notas\/wp-json\/wp\/v2\/posts"}],"about":[{"href":"https:\/\/www.elsindical.com.ar\/notas\/wp-json\/wp\/v2\/types\/post"}],"author":[{"embeddable":true,"href":"https:\/\/www.elsindical.com.ar\/notas\/wp-json\/wp\/v2\/users\/1"}],"replies":[{"embeddable":true,"href":"https:\/\/www.elsindical.com.ar\/notas\/wp-json\/wp\/v2\/comments?post=42329"}],"version-history":[{"count":1,"href":"https:\/\/www.elsindical.com.ar\/notas\/wp-json\/wp\/v2\/posts\/42329\/revisions"}],"predecessor-version":[{"id":42331,"href":"https:\/\/www.elsindical.com.ar\/notas\/wp-json\/wp\/v2\/posts\/42329\/revisions\/42331"}],"wp:attachment":[{"href":"https:\/\/www.elsindical.com.ar\/notas\/wp-json\/wp\/v2\/media?parent=42329"}],"wp:term":[{"taxonomy":"category","embeddable":true,"href":"https:\/\/www.elsindical.com.ar\/notas\/wp-json\/wp\/v2\/categories?post=42329"},{"taxonomy":"post_tag","embeddable":true,"href":"https:\/\/www.elsindical.com.ar\/notas\/wp-json\/wp\/v2\/tags?post=42329"}],"curies":[{"name":"wp","href":"https:\/\/api.w.org\/{rel}","templated":true}]}}