{"id":42302,"date":"2014-04-26T17:21:57","date_gmt":"2014-04-26T20:21:57","guid":{"rendered":"http:\/\/www.elsindical.com.ar\/notas\/?p=42302"},"modified":"2014-04-26T17:21:57","modified_gmt":"2014-04-26T20:21:57","slug":"lorenzetti-encabezara-una-conferencia-sobre-la-relacion-entre-justicia-y-prensa","status":"publish","type":"post","link":"https:\/\/www.elsindical.com.ar\/notas\/lorenzetti-encabezara-una-conferencia-sobre-la-relacion-entre-justicia-y-prensa\/","title":{"rendered":"Lorenzetti encabezar\u00e1 una conferencia sobre la relaci\u00f3n entre Justicia y prensa"},"content":{"rendered":"<p><em><a href=\"http:\/\/www.elsindical.com.ar\/notas\/var\/www\/html\/notas\/wp-content\/uploads\/2010\/10\/Ricardo-Lorenzetti.jpg\"><img loading=\"lazy\" decoding=\"async\" class=\"alignnone size-full wp-image-9986\" src=\"http:\/\/www.elsindical.com.ar\/notas\/var\/www\/html\/notas\/wp-content\/uploads\/2010\/10\/Ricardo-Lorenzetti.jpg\" alt=\"Ricardo-Lorenzetti\" width=\"207\" height=\"202\" \/><\/a>Ser\u00e1 el 14 de mayo, en la Universidad de Palermo. Es organizada por el CIJ y FOPEA. Disertar\u00e1n los periodistas Luis Novaresio, Mar\u00eda O\u00b4Donnell, Daniel Santoro, Sergio Suppo y Edi Zunino. Coordinaci\u00f3n: Mar\u00eda Bourdin, directora de Comunicaci\u00f3n de la Corte.<\/em><\/p>\n<p style=\"text-align: justify;\">El presidente de la Corte Suprema de Justicia de la Naci\u00f3n, Ricardo Lorenzetti, encabezar\u00e1 el pr\u00f3ximo 14 de mayo\u00a0la conferencia \u201cLa relaci\u00f3n entre Justicia y prensa. Estado de Derecho, libertad de expresi\u00f3n y acceso a la informaci\u00f3n\u201d, organizada por el Centro de Informaci\u00f3n Judicial (CIJ) y el Foro de Periodismo Argentino (FOPEA).<\/p>\n<p style=\"text-align: justify;\">Tambi\u00e9n disertar\u00e1n los periodistas Luis Novaresio, Mar\u00eda O&#8217;Donnell, Daniel Santoro, Sergio Suppo y Edi Zunino. El panel ser\u00e1 coordinado por\u00a0la directora de Comunicaci\u00f3n P\u00fablica de la Corte, Mar\u00eda Bourdin.<\/p>\n<p style=\"text-align: justify;\">La actividad se llevar\u00e1 a cabo, entre las 10:30 y las 13:00, en el auditorio de la Universidad de Palermo, ubicado en Mario Bravo 1259, Ciudad Aut\u00f3noma de Buenos Aires.<\/p>\n<p style=\"text-align: justify;\">\n<p style=\"text-align: justify;\"><a href=\"http:\/\/www.cij.gov.ar\/inicio.html\"><strong>Fuente: CIJ<\/strong><\/a><\/p>\n","protected":false},"excerpt":{"rendered":"<p>Ser\u00e1 el 14 de mayo, en la Universidad de Palermo. Es organizada por el CIJ y FOPEA. Disertar\u00e1n los periodistas Luis Novaresio, Mar\u00eda O\u00b4Donnell, Daniel Santoro, Sergio Suppo y Edi Zunino. Coordinaci\u00f3n: Mar\u00eda Bourdin, directora de Comunicaci\u00f3n de la Corte. El presidente de la Corte Suprema de Justicia de la Naci\u00f3n, Ricardo Lorenzetti, encabezar\u00e1 el&hellip;<\/p>\n","protected":false},"author":1,"featured_media":0,"comment_status":"open","ping_status":"open","sticky":false,"template":"","format":"standard","meta":{"footnotes":""},"categories":[20],"tags":[6273,3335,4810,8503],"class_list":["post-42302","post","type-post","status-publish","format-standard","hentry","category-judiciales","tag-cij","tag-fopea","tag-ricardo-lorenzetti","tag-universidad-de-palermo"],"_links":{"self":[{"href":"https:\/\/www.elsindical.com.ar\/notas\/wp-json\/wp\/v2\/posts\/42302","targetHints":{"allow":["GET"]}}],"collection":[{"href":"https:\/\/www.elsindical.com.ar\/notas\/wp-json\/wp\/v2\/posts"}],"about":[{"href":"https:\/\/www.elsindical.com.ar\/notas\/wp-json\/wp\/v2\/types\/post"}],"author":[{"embeddable":true,"href":"https:\/\/www.elsindical.com.ar\/notas\/wp-json\/wp\/v2\/users\/1"}],"replies":[{"embeddable":true,"href":"https:\/\/www.elsindical.com.ar\/notas\/wp-json\/wp\/v2\/comments?post=42302"}],"version-history":[{"count":1,"href":"https:\/\/www.elsindical.com.ar\/notas\/wp-json\/wp\/v2\/posts\/42302\/revisions"}],"predecessor-version":[{"id":42303,"href":"https:\/\/www.elsindical.com.ar\/notas\/wp-json\/wp\/v2\/posts\/42302\/revisions\/42303"}],"wp:attachment":[{"href":"https:\/\/www.elsindical.com.ar\/notas\/wp-json\/wp\/v2\/media?parent=42302"}],"wp:term":[{"taxonomy":"category","embeddable":true,"href":"https:\/\/www.elsindical.com.ar\/notas\/wp-json\/wp\/v2\/categories?post=42302"},{"taxonomy":"post_tag","embeddable":true,"href":"https:\/\/www.elsindical.com.ar\/notas\/wp-json\/wp\/v2\/tags?post=42302"}],"curies":[{"name":"wp","href":"https:\/\/api.w.org\/{rel}","templated":true}]}}